{"id":862,"date":"2015-06-10T13:36:00","date_gmt":"2015-06-10T16:36:00","guid":{"rendered":"https:\/\/hostnetart.com.br\/baixada\/bancarios-cantam-parabens-para-omissao-do-bb-sobre-denuncias-contra-gestor\/"},"modified":"2015-06-10T13:36:00","modified_gmt":"2015-06-10T16:36:00","slug":"bancarios-cantam-parabens-para-omissao-do-bb-sobre-denuncias-contra-gestor","status":"publish","type":"post","link":"https:\/\/hostnetart.com.br\/baixada\/bancarios-cantam-parabens-para-omissao-do-bb-sobre-denuncias-contra-gestor\/","title":{"rendered":"Banc\u00e1rios cantam \u2018parab\u00e9ns\u2019 para omiss\u00e3o do BB sobre den\u00fancias contra gestor"},"content":{"rendered":"<p>Banc\u00e1rios de Jundia\u00ed realizaram, nesta segunda-feira (8), uma atividade para lembrar a primeira den\u00fancia de ass\u00e9dio moral contra um gestor do Banco do Brasil no Maxi Shopping, que completou um ano. <\/p>\n<p>A omiss\u00e3o do banco levou a Diretoria do Sindicato de Jundia\u00ed e Regi\u00e3o a fazer um novo movimento em frente \u00e0 ag\u00eancia, dessa vez com direito a bolo de aniversario e \u2018parab\u00e9ns a voc\u00ea\u2019. \u201c\u00c9 mais uma atividade do sindicato para que as pessoas saibam que o caso \u00e9 muito s\u00e9rio\u201d, diz o diretor \u00c1lvaro Pires da Silva, lembrando que, em maio de 2014, houve a primeira de v\u00e1rias den\u00fancias. \u201cEle teve den\u00fancia de ass\u00e9dio em S\u00e3o Sebasti\u00e3o (litoral paulista) e em Paul\u00ednia e, depois, o enviaram para Jundia\u00ed. Ou seja, n\u00e3o se trata de um caso isolado\u201d, ressalta.<\/p>\n<p>O presidente do Sindicato, Douglas Yamagata, diz que a inten\u00e7\u00e3o do evento \u00e9 sensibilizar a dire\u00e7\u00e3o do BB. \u201cO Banco j\u00e1 deveria t\u00ea-lo transferido quando surgiu a primeira den\u00fancia. Haja vista que em casos semelhantes a dire\u00e7\u00e3o tomou providencias e transferiu o gerente geral\u201d, disse.<\/p>\n<p>O diretor do sindicato Paulo Malerba, tamb\u00e9m do vereador do PT, avalia que a dire\u00e7\u00e3o do BB j\u00e1 deveria ter feito uma capacita\u00e7\u00e3o com o gestor. Segundo ele, o Sindicato n\u00e3o tem a inten\u00e7\u00e3o de prejudicar ningu\u00e9m, mas nesse caso \u00e9 importante uma abordagem espec\u00edfica. \u201cGestor precisa ter habilidade para liderar. Era necess\u00e1ria uma requalifica\u00e7\u00e3o para evitar conflitos como esse. A falta de vis\u00e3o do Banco refor\u00e7a nossa press\u00e3o para que apresentem uma solu\u00e7\u00e3o. Afinal o que est\u00e1 ocorrendo \u00e9 negativo para todos\u201d, conclui. <\/p>\n<p>Fonte: Contraf-CUT<\/p>\n","protected":false},"excerpt":{"rendered":"<p>Banc\u00e1rios de Jundia\u00ed realizaram, nesta segunda-feira (8), uma atividade para lembrar a primeira den\u00fancia de ass\u00e9dio moral contra um gestor do Banco do Brasil no Maxi Shopping, que completou um ano. A omiss\u00e3o do banco levou a Diretoria do Sindicato de Jundia\u00ed e Regi\u00e3o a fazer um novo movimento em frente \u00e0 ag\u00eancia, dessa vez [&hellip;]<\/p>\n","protected":false},"author":1,"featured_media":0,"comment_status":"","ping_status":"","sticky":false,"template":"","format":"standard","meta":{"footnotes":""},"categories":[3],"tags":[],"class_list":["post-862","post","type-post","status-publish","format-standard","hentry","category-noticias"],"_links":{"self":[{"href":"https:\/\/hostnetart.com.br\/baixada\/wp-json\/wp\/v2\/posts\/862","targetHints":{"allow":["GET"]}}],"collection":[{"href":"https:\/\/hostnetart.com.br\/baixada\/wp-json\/wp\/v2\/posts"}],"about":[{"href":"https:\/\/hostnetart.com.br\/baixada\/wp-json\/wp\/v2\/types\/post"}],"author":[{"embeddable":true,"href":"https:\/\/hostnetart.com.br\/baixada\/wp-json\/wp\/v2\/users\/1"}],"replies":[{"embeddable":true,"href":"https:\/\/hostnetart.com.br\/baixada\/wp-json\/wp\/v2\/comments?post=862"}],"version-history":[{"count":0,"href":"https:\/\/hostnetart.com.br\/baixada\/wp-json\/wp\/v2\/posts\/862\/revisions"}],"wp:attachment":[{"href":"https:\/\/hostnetart.com.br\/baixada\/wp-json\/wp\/v2\/media?parent=862"}],"wp:term":[{"taxonomy":"category","embeddable":true,"href":"https:\/\/hostnetart.com.br\/baixada\/wp-json\/wp\/v2\/categories?post=862"},{"taxonomy":"post_tag","embeddable":true,"href":"https:\/\/hostnetart.com.br\/baixada\/wp-json\/wp\/v2\/tags?post=862"}],"curies":[{"name":"wp","href":"https:\/\/api.w.org\/{rel}","templated":true}]}}