{"id":8619,"date":"2020-04-07T15:00:19","date_gmt":"2020-04-07T18:00:19","guid":{"rendered":"https:\/\/hostnetart.com.br\/baixada\/contraf-cut-reivindica-que-respeito-a-jornada-de-trabalho-e-aos-intervalos-dos-empregados-da-caixa\/"},"modified":"2020-04-07T15:00:19","modified_gmt":"2020-04-07T18:00:19","slug":"contraf-cut-reivindica-que-respeito-a-jornada-de-trabalho-e-aos-intervalos-dos-empregados-da-caixa","status":"publish","type":"post","link":"https:\/\/hostnetart.com.br\/baixada\/contraf-cut-reivindica-que-respeito-a-jornada-de-trabalho-e-aos-intervalos-dos-empregados-da-caixa\/","title":{"rendered":"Contraf-CUT reivindica que respeito \u00e0 jornada de trabalho e aos intervalos dos empregados da Caixa"},"content":{"rendered":"<p>A Confedera\u00e7\u00e3o Nacional dos Trabalhadores do Ramo Financeiro (Contraf-CUT), atrav\u00e9s da Comiss\u00e3o Executiva dos Empregados (CEE) da Caixa Econ\u00f4mica Federal enviou um of\u00edcio ao banco reivindicando a jornada de trabalho e garantir o intervalo intrajornada.<\/p>\n<p>O documento foi motivado pelas den\u00fancias que os sindicatos de todo o Brasil est\u00e3o recebendo den\u00fancias de que os gestores demandam e marcam videoconfer\u00eancia a qualquer hor\u00e1rio, sem resguardar os limites da jornada de trabalho e o intervalo para repouso e alimenta\u00e7\u00e3o.<\/p>\n<p>\u201c\u00c9 fundamental para a sa\u00fade f\u00edsica e mental dos empregados que a jornada de trabalho e o intervalo intrajornada sejam respeitados. Todos estamos passando por momento de muita press\u00e3o psicol\u00f3gica. A ansiedade pode diminuir a imunidade e consequentemente aumentar o adoecimento\u201d, observou Fabiana Uehara Proscholdt, secret\u00e1ria da Cultura e representante da Contraf nas negocia\u00e7\u00f5es com o banco. <\/p>\n<p>\u201c\u00c9 importante que todos os gestores e empregados sejam orientados a respeitarem a jornada de trabalho, principalmente o intervalo para repouso e alimenta\u00e7\u00e3o. Para isso, \u00e9 importante dimensionar as demandas e reuni\u00f5es, com observa\u00e7\u00e3o aos limites de hor\u00e1rio\u201d, completou Fabiana.<\/p>\n<p><strong>Fonte: Contraf-CUT<\/strong><\/p>\n","protected":false},"excerpt":{"rendered":"<p>A Confedera\u00e7\u00e3o Nacional dos Trabalhadores do Ramo Financeiro (Contraf-CUT), atrav\u00e9s da Comiss\u00e3o Executiva dos Empregados (CEE) da Caixa Econ\u00f4mica Federal enviou um of\u00edcio ao banco reivindicando a jornada de trabalho e garantir o intervalo intrajornada. O documento foi motivado pelas den\u00fancias que os sindicatos de todo o Brasil est\u00e3o recebendo den\u00fancias de que os gestores [&hellip;]<\/p>\n","protected":false},"author":2,"featured_media":8618,"comment_status":"","ping_status":"","sticky":false,"template":"","format":"standard","meta":{"footnotes":""},"categories":[3],"tags":[],"class_list":["post-8619","post","type-post","status-publish","format-standard","has-post-thumbnail","hentry","category-noticias"],"_links":{"self":[{"href":"https:\/\/hostnetart.com.br\/baixada\/wp-json\/wp\/v2\/posts\/8619","targetHints":{"allow":["GET"]}}],"collection":[{"href":"https:\/\/hostnetart.com.br\/baixada\/wp-json\/wp\/v2\/posts"}],"about":[{"href":"https:\/\/hostnetart.com.br\/baixada\/wp-json\/wp\/v2\/types\/post"}],"author":[{"embeddable":true,"href":"https:\/\/hostnetart.com.br\/baixada\/wp-json\/wp\/v2\/users\/2"}],"replies":[{"embeddable":true,"href":"https:\/\/hostnetart.com.br\/baixada\/wp-json\/wp\/v2\/comments?post=8619"}],"version-history":[{"count":0,"href":"https:\/\/hostnetart.com.br\/baixada\/wp-json\/wp\/v2\/posts\/8619\/revisions"}],"wp:featuredmedia":[{"embeddable":true,"href":"https:\/\/hostnetart.com.br\/baixada\/wp-json\/wp\/v2\/media\/8618"}],"wp:attachment":[{"href":"https:\/\/hostnetart.com.br\/baixada\/wp-json\/wp\/v2\/media?parent=8619"}],"wp:term":[{"taxonomy":"category","embeddable":true,"href":"https:\/\/hostnetart.com.br\/baixada\/wp-json\/wp\/v2\/categories?post=8619"},{"taxonomy":"post_tag","embeddable":true,"href":"https:\/\/hostnetart.com.br\/baixada\/wp-json\/wp\/v2\/tags?post=8619"}],"curies":[{"name":"wp","href":"https:\/\/api.w.org\/{rel}","templated":true}]}}