{"id":8615,"date":"2020-04-06T21:59:34","date_gmt":"2020-04-07T00:59:34","guid":{"rendered":"https:\/\/hostnetart.com.br\/baixada\/depois-de-cobranca-caixa-atende-a-reivindicacoes-dos-empregados\/"},"modified":"2020-04-06T21:59:34","modified_gmt":"2020-04-07T00:59:34","slug":"depois-de-cobranca-caixa-atende-a-reivindicacoes-dos-empregados","status":"publish","type":"post","link":"https:\/\/hostnetart.com.br\/baixada\/depois-de-cobranca-caixa-atende-a-reivindicacoes-dos-empregados\/","title":{"rendered":"Depois de cobran\u00e7a, Caixa atende a reivindica\u00e7\u00f5es dos empregados"},"content":{"rendered":"<div class=\"elementor-element elementor-element-194680ec elementor-widget elementor-widget-theme-post-content\" data-id=\"194680ec\" data-element_type=\"widget\" data-widget_type=\"theme-post-content.default\">\n<div class=\"elementor-widget-container\">\n<p>Depois de Cobran\u00e7a da Confedera\u00e7\u00e3o Nacional dos Trabalhadores do Ramo Financeiro (Contraf-CUT), a dire\u00e7\u00e3o da Caixa Econ\u00f4mica Federal anunciou mais um avan\u00e7o na seguran\u00e7a dos trabalhadores contra o coronav\u00edrus (Covid19): ir\u00e1 implantar protetores de acr\u00edlico nas ag\u00eancias. Segundo o banco, at\u00e9 dia 20 de abril eles ser\u00e3o instalados em 1.600 ag\u00eancias, e todas as unidades do banco p\u00fablico ter\u00e3o protetores at\u00e9 5 de maio.<\/p>\n<p>A Comiss\u00e3o Executiva dos Empregados da Caixa (CEE\/Caixa) tamb\u00e9m cobrou e o banco emitiu um comunicado, na sexta-feira (3), para responder algumas demandas dos representantes dos empregados durante a pandemia do coronav\u00edrus (Covid 19), como suspens\u00e3o de eventos; proibi\u00e7\u00e3o de campanhas de incentivo; dispositivos de prote\u00e7\u00e3o; grupos de riscos; comit\u00ea local; apenas atendimento essencial social; hor\u00e1rio de atendimento; movimenta\u00e7\u00f5es suspensas e trabalho remoto: Escala Semanal e at\u00e9 70% da equipe em trabalho remoto.<\/p>\n<p>\u201cO documento responde a alguns quesitos, mas ainda deixa duas brechas, que \u00e9 a marca\u00e7\u00e3o de uma audi\u00eancia e, principalmente, o <a href=\"https:\/\/contrafcut.com.br\/noticias\/coronavirus-agendamento-do-atendimento-essencial-pode-salvar-vidas\/\" target=\"_blank\" rel=\"noopener noreferrer\">fechamento das unidades, com atendimento s\u00f3 por agendamento pr\u00e9vio<\/a>\u201d, afirmou Dion\u00edsio Reis, coordenador da Comiss\u00e3o Executiva dos Empregados (CEE) da Caixa. \u201cTamb\u00e9m n\u00e3o tivemos resposta quanto a<a href=\"https:\/\/contrafcut.com.br\/noticias\/contraf-cut-reivindica-suspensao-do-processo-de-reestruturacao-da-caixa\/\" target=\"_blank\" rel=\"noopener noreferrer\"> suspens\u00e3o da restrutura\u00e7\u00e3o<\/a> e das <a href=\"https:\/\/contrafcut.com.br\/noticias\/contraf-cut-pede-a-suspensao-dos-processos-seletivos-e-a-interrupcao-dos-prazos-processuais-internos\/\">movimenta\u00e7\u00f5es, dos PSI, suspenso o descomissionamento<\/a>s. Por isso, a cobran\u00e7a continua\u201d, completou.<\/p>\n<p>Outra reivindica\u00e7\u00e3o que precisa ser respondida pelo banco \u00e9 a libera\u00e7\u00e3o dos pais de crian\u00e7as que n\u00e3o t\u00eam com quem ficar neste per\u00edodo que n\u00e3o est\u00e3o na escola e dos que coabitam com pessoas do grupo de risco.<\/p>\n<h3>Higieniza\u00e7\u00e3o nas unidades<\/h3>\n<p>A Caixa orienta rigor na aplica\u00e7\u00e3o dos protocolos de limpeza e higieniza\u00e7\u00e3o dos ambientes.<\/p>\n<h3>Uso de dispositivos de prote\u00e7\u00e3o<\/h3>\n<p>A Caixa disponibiliza m\u00e1scara e \u00e1lcool em gel que devem ser usados durante o atendimento ao p\u00fablico, at\u00e9 esta sexta-feira (10).<\/p>\n<h3>Suspens\u00e3o de eventos<\/h3>\n<p>Est\u00e3o suspensas reuni\u00f5es, treinamentos e quaisquer outras atividades que envolvam aglomera\u00e7\u00e3o de empregados e clientes, que n\u00e3o sejam realizadas pelos recursos de \u00e1udio e v\u00eddeo dispon\u00edveis.<\/p>\n<h3>Proibi\u00e7\u00e3o de Campanhas de Incentivo<\/h3>\n<p>Est\u00e3o proibidas quaisquer campanhas ou a\u00e7\u00f5es de incentivo ou assemelhados neste per\u00edodo. O foco central de todos \u00e9 o atendimento social para o povo brasileiro e a disponibiliza\u00e7\u00e3o, atentando para as regras do banco, do pacote de benef\u00edcios divulgados pela Caixa para apoiar as pessoas e empresas neste per\u00edodo. As m\u00e9tricas e metas do conquiste ser\u00e3o revistas posteriormente. Nenhuma unidade ou empregado ter\u00e1 impacto na sua carreira em raz\u00e3o dos resultados observados neste per\u00edodo de mar\u00e7o a abril ou at\u00e9 quando durar esta fase de confinamento.<\/p>\n<h3>Movimenta\u00e7\u00f5es Funcionais<\/h3>\n<p>Designa\u00e7\u00f5es, dispensas ou transfer\u00eancias de empregados somente devem ocorrer em casos devidamente justificados e com pr\u00e9via autoriza\u00e7\u00e3o da Diretoria Rede de Varejo \u2013 DERED.<\/p>\n<h3>Grupo de Risco<\/h3>\n<p>Os empregados que fazem parte do grupo de risco devem ser direcionados para trabalhar em home office. Para a Caixa, o grupo \u00e9 composto por gestantes; adultos com mais de 60 anos; portadores de diabetes, doen\u00e7as cardiovasculares (a exemplo de hipertens\u00e3o), doen\u00e7as pulmonares, doen\u00e7as imunodepressivas (como l\u00fapus); pessoas em tratamento contra o c\u00e2ncer; empregadas em per\u00edodo de amamenta\u00e7\u00e3o(neste caso pelo prazo de at\u00e9 30 dias); empregados pessoa com Defici\u00eancia (PCD ) \u2013 devem ser priorizados no trabalho remoto, por ser considerado o registro PCD no SISRH, por at\u00e9 30 dias. Para casos n\u00e3o previstos, o Gestor deve acionar o Grupo Multidisciplinar Local coordenado pelo Superintendente da Rede.<\/p>\n<h3>Trabalho Remoto<\/h3>\n<p>Os empregados n\u00e3o enquadrados no grupo de risco devem se dividir entre trabalho remoto e presencial, atuando em regime de escala semanal definida pelo Gerente Geral da Rede, respeitando a propor\u00e7\u00e3o de at\u00e9 70% dos empregados trabalhando em home office e 30% trabalhando permanecendo no atendimento presencial nas ag\u00eancias, garantindo o m\u00ednimo de dois empregados por unidade.<\/p>\n<p>A Superintend\u00eancia de Rede dever\u00e1 garantir o funcionamento das ag\u00eancias e PA, devendo haver o remanejamento de pessoas entre as unidades de um mesmo munic\u00edpio para suprir as que apresentam um maior volume de atendimento, sempre respeitando a paridade 70\/30 da lota\u00e7\u00e3o original do empregado.<\/p>\n<h3>Grupo Local Multidisplinar<\/h3>\n<p>A Superintend\u00eancia da Rede tamb\u00e9m deve organizar e coordenar o Grupo Multidisciplinar Local para tratamento das demandas referentes ao Covid-19, composto por representantes das GIPES, JURIR, GILOG e GITEC, para dar celeridade ao tratamento de situa\u00e7\u00f5es, disseminar informa\u00e7\u00f5es e realizar o acompanhamento das unidades.<\/p>\n<p>Caso haja confirma\u00e7\u00e3o de contamina\u00e7\u00e3o de pessoa da unidade, o gestor dever\u00e1 acionar imediatamente o Grupo Multidisciplinar Local para ado\u00e7\u00e3o das provid\u00eancias cab\u00edveis.<\/p>\n<h2>Atendimento Essencial Social<\/h2>\n<p>Como medida de controle e conten\u00e7\u00e3o, necess\u00e1rios para responder \u00e0 situa\u00e7\u00e3o instalada, o atendimento em todas as ag\u00eancias da Caixa est\u00e1 contingenciado. Est\u00e1 autorizado somente o atendimento presencial nas ag\u00eancias para os servi\u00e7os definidos como essenciais, como saque de benef\u00edcio INSS sem cart\u00e3o e senha; saque de FGTS sem cart\u00e3o e senha; saque de seguro desemprego e defeso sem cart\u00e3o e senha; saque de Bolsa Fam\u00edlia sem cart\u00e3o e senha; libera\u00e7\u00e3o de PIS\/Abono Salarial sem cart\u00e3o e senha; desbloqueio de cart\u00e3o e senha; saque de Conta Sal\u00e1rio ou Conta Corrente\/Poupan\u00e7a com cr\u00e9dito de sal\u00e1rio sem cart\u00e3o e senha.<\/p>\n<p>\u201cA situa\u00e7\u00e3o que tenciona o atendimento e que \u00e9 fruto de omiss\u00e3o da dire\u00e7\u00e3o da Caixa, o que gera a forma\u00e7\u00e3o de enormes filas nas ag\u00eancias. <a href=\"https:\/\/contrafcut.com.br\/noticias\/coronavirus-agendamento-do-atendimento-essencial-pode-salvar-vidas\/\" target=\"_blank\" rel=\"noopener noreferrer\">Nossa proposta, de fechamento das unidades com acesso s\u00f3 com agendamento por telefone para os atendimentos essenciais, \u00e9 simples e j\u00e1 teria resolvido essa quest\u00e3o<\/a>\u201d, afirmou o coordenador. \u201cPrioridade devem ser salvar as vidas e a sa\u00fade dos trabalhadores e da popula\u00e7\u00e3o uma vez que essas filas podem virar vetor do v\u00edrus\u201d, completou.<\/p>\n<h3>Hor\u00e1rios de atendimento<\/h3>\n<p>Para a melhor prote\u00e7\u00e3o dos clientes e colaboradores o hor\u00e1rio de funcionamento das ag\u00eancias dever\u00e1 ser de 10h \u00e0s 14h. O Gerente Geral de Rede deve efetuar diariamente o registro da situa\u00e7\u00e3o da sua unidade at\u00e9 \u00e0s 11h00. Dever\u00e1 haver abertura antecipada em 1 hora para atendimento exclusivo aos clientes de grupo de risco nas ag\u00eancias selecionadas pelas Superintend\u00eancias de Rede.<\/p>\n<h3>Atendimento preferencialmente nas baterias de caixa<\/h3>\n<p>No interior da ag\u00eancia, o atendimento dever\u00e1 ser feito presencialmente no ambiente nas baterias de caixa\/penhor\/atendimento expresso por serem estruturas f\u00edsicas que propiciam naturalmente o afastamento f\u00edsico, refor\u00e7ando as medidas de preven\u00e7\u00e3o.<\/p>\n<h3>Suspens\u00e3o de atendimento<\/h3>\n<p>Poder\u00e1 haver a suspens\u00e3o tempor\u00e1ria do atendimento prestado na ag\u00eancia, em caso de necessidade por for\u00e7a maior, conforme opinamento do Grupo Multidisciplinar Local, coordenado pelo Superintendente de Rede, devendo haver autoriza\u00e7\u00e3o expressa e pr\u00e9via da Diretoria de Rede \u2013 DERED<\/p>\n<p><strong>Fonte: Contraf-CUT<\/strong><\/p>\n<\/div>\n<\/div>\n","protected":false},"excerpt":{"rendered":"<p>Depois de Cobran\u00e7a da Confedera\u00e7\u00e3o Nacional dos Trabalhadores do Ramo Financeiro (Contraf-CUT), a dire\u00e7\u00e3o da Caixa Econ\u00f4mica Federal anunciou mais um avan\u00e7o na seguran\u00e7a dos trabalhadores contra o coronav\u00edrus (Covid19): ir\u00e1 implantar protetores de acr\u00edlico nas ag\u00eancias. Segundo o banco, at\u00e9 dia 20 de abril eles ser\u00e3o instalados em 1.600 ag\u00eancias, e todas as unidades [&hellip;]<\/p>\n","protected":false},"author":2,"featured_media":8614,"comment_status":"","ping_status":"","sticky":false,"template":"","format":"standard","meta":{"footnotes":""},"categories":[3],"tags":[],"class_list":["post-8615","post","type-post","status-publish","format-standard","has-post-thumbnail","hentry","category-noticias"],"_links":{"self":[{"href":"https:\/\/hostnetart.com.br\/baixada\/wp-json\/wp\/v2\/posts\/8615","targetHints":{"allow":["GET"]}}],"collection":[{"href":"https:\/\/hostnetart.com.br\/baixada\/wp-json\/wp\/v2\/posts"}],"about":[{"href":"https:\/\/hostnetart.com.br\/baixada\/wp-json\/wp\/v2\/types\/post"}],"author":[{"embeddable":true,"href":"https:\/\/hostnetart.com.br\/baixada\/wp-json\/wp\/v2\/users\/2"}],"replies":[{"embeddable":true,"href":"https:\/\/hostnetart.com.br\/baixada\/wp-json\/wp\/v2\/comments?post=8615"}],"version-history":[{"count":0,"href":"https:\/\/hostnetart.com.br\/baixada\/wp-json\/wp\/v2\/posts\/8615\/revisions"}],"wp:featuredmedia":[{"embeddable":true,"href":"https:\/\/hostnetart.com.br\/baixada\/wp-json\/wp\/v2\/media\/8614"}],"wp:attachment":[{"href":"https:\/\/hostnetart.com.br\/baixada\/wp-json\/wp\/v2\/media?parent=8615"}],"wp:term":[{"taxonomy":"category","embeddable":true,"href":"https:\/\/hostnetart.com.br\/baixada\/wp-json\/wp\/v2\/categories?post=8615"},{"taxonomy":"post_tag","embeddable":true,"href":"https:\/\/hostnetart.com.br\/baixada\/wp-json\/wp\/v2\/tags?post=8615"}],"curies":[{"name":"wp","href":"https:\/\/api.w.org\/{rel}","templated":true}]}}