{"id":8611,"date":"2020-04-06T04:12:11","date_gmt":"2020-04-06T07:12:11","guid":{"rendered":"https:\/\/hostnetart.com.br\/baixada\/brasil-conta-11-130-casos-de-infectados-e-tem-54-mortes-em-20-horas\/"},"modified":"2020-04-06T04:12:11","modified_gmt":"2020-04-06T07:12:11","slug":"brasil-conta-11-130-casos-de-infectados-e-tem-54-mortes-em-20-horas","status":"publish","type":"post","link":"https:\/\/hostnetart.com.br\/baixada\/brasil-conta-11-130-casos-de-infectados-e-tem-54-mortes-em-20-horas\/","title":{"rendered":"Brasil conta 11.130 casos de infectados e tem 54 mortes em 20 horas"},"content":{"rendered":"<p>O Minist\u00e9rio da Sa\u00fade anunciou neste domingo (5) que j\u00e1 s\u00e3o 486 mortes pelo novo <a href=\"https:\/\/www.redebrasilatual.com.br\/cidadania\/2020\/04\/populacao-de-rua-coronavirus-somos-invisiveis\/\" target=\"_blank\" rel=\"noopener noreferrer\">coronav\u00edrus no Brasil<\/a>. Nas \u00faltimas 20 horas foram confirmados 54 \u00f3bitos. Estes s\u00e3o os n\u00fameros oficiais, mas h\u00e1 in\u00fameras mortes ainda n\u00e3o confirmadas pelas autoridades.<\/p>\n<p>At\u00e9 18h de s\u00e1bado, eram 432 mortes. No total, s\u00e3o 11.130 casos oficiais no pa\u00eds at\u00e9 agora \u2013 aumento de 852 casos de s\u00e1bado para domingo. At\u00e9 ontem, eram 10.278 casos confirmados. A taxa de mortalidade no pa\u00eds, segundo o governo, \u00e9 de 4,4%, superior \u00e0 taxa global de 3,74%.<\/p>\n<p><a href=\"https:\/\/www.redebrasilatual.com.br\/cidadania\/2020\/03\/periferias-coronavirus-doacoes-campanha-conscientizacao\/\" target=\"_blank\" rel=\"noopener noreferrer\">S\u00e3o Paulo \u00e9 o epicentro da crise<\/a> no Brasil. O estado tem 4.620 casos confirmados, com 275 mortos. O total de casos no estado representa 41,5% das ocorr\u00eancias no pa\u00eds.<\/p>\n<p>O governo de Jo\u00e3o Doria projeta 220 mil casos para os pr\u00f3ximos dias, com a expans\u00e3o da contamina\u00e7\u00e3o. Com essa proje\u00e7\u00e3o, Doria vai pedir R$ 500 milh\u00f5es ao Banco Mundial, segundo informou a Ag\u00eancia Estado, para combater a doen\u00e7a. Entre as a\u00e7\u00f5es previstas, est\u00e3o a cria\u00e7\u00e3o de pelo menos mais 500 leitos de UTI e a compra de testes.<\/p>\n<h3>Jejum contra o v\u00edrus<\/h3>\n<p>O <a href=\"https:\/\/www.redebrasilatual.com.br\/politica\/2020\/04\/pastores-criticam-jejum-convocado-por-bolsonaro-contra-a-covid-19\/\" target=\"_blank\" rel=\"noopener noreferrer\">presidente Jair Bolsonaro<\/a> passou o dia, desde o fim da manh\u00e3, postando em suas redes sociais, v\u00eddeos e notas\u00a0 pelo uso indiscriminado do medicamento cloroquina, contra o isolamento social. No fim da tarde, participou de ato com alguns fundamentalistas evang\u00e9licos e cat\u00f3licos no \u201cjejum\u201d contra o coronav\u00edrus.<\/p>\n<p>No ato, um dos pastores, diante de Jair Bolsonaro de joelhos, garantiu que n\u00e3o haver\u00e1 mais mortes no pa\u00eds pelo coronav\u00edrus. Os opositores de Bolsonaro foram qualificados como \u201cinstrumentos de Satan\u00e1s\u201d.<\/p>\n<p><em>Com informa\u00e7\u00f5es do Minist\u00e9rio da Sa\u00fade e Brasil 247.<\/em><\/p>\n<p><strong>Fonte: Rede Brasil Atual<\/strong><\/p>\n","protected":false},"excerpt":{"rendered":"<p>O Minist\u00e9rio da Sa\u00fade anunciou neste domingo (5) que j\u00e1 s\u00e3o 486 mortes pelo novo coronav\u00edrus no Brasil. Nas \u00faltimas 20 horas foram confirmados 54 \u00f3bitos. Estes s\u00e3o os n\u00fameros oficiais, mas h\u00e1 in\u00fameras mortes ainda n\u00e3o confirmadas pelas autoridades. At\u00e9 18h de s\u00e1bado, eram 432 mortes. No total, s\u00e3o 11.130 casos oficiais no pa\u00eds [&hellip;]<\/p>\n","protected":false},"author":2,"featured_media":8610,"comment_status":"","ping_status":"","sticky":false,"template":"","format":"standard","meta":{"footnotes":""},"categories":[3],"tags":[],"class_list":["post-8611","post","type-post","status-publish","format-standard","has-post-thumbnail","hentry","category-noticias"],"_links":{"self":[{"href":"https:\/\/hostnetart.com.br\/baixada\/wp-json\/wp\/v2\/posts\/8611","targetHints":{"allow":["GET"]}}],"collection":[{"href":"https:\/\/hostnetart.com.br\/baixada\/wp-json\/wp\/v2\/posts"}],"about":[{"href":"https:\/\/hostnetart.com.br\/baixada\/wp-json\/wp\/v2\/types\/post"}],"author":[{"embeddable":true,"href":"https:\/\/hostnetart.com.br\/baixada\/wp-json\/wp\/v2\/users\/2"}],"replies":[{"embeddable":true,"href":"https:\/\/hostnetart.com.br\/baixada\/wp-json\/wp\/v2\/comments?post=8611"}],"version-history":[{"count":0,"href":"https:\/\/hostnetart.com.br\/baixada\/wp-json\/wp\/v2\/posts\/8611\/revisions"}],"wp:featuredmedia":[{"embeddable":true,"href":"https:\/\/hostnetart.com.br\/baixada\/wp-json\/wp\/v2\/media\/8610"}],"wp:attachment":[{"href":"https:\/\/hostnetart.com.br\/baixada\/wp-json\/wp\/v2\/media?parent=8611"}],"wp:term":[{"taxonomy":"category","embeddable":true,"href":"https:\/\/hostnetart.com.br\/baixada\/wp-json\/wp\/v2\/categories?post=8611"},{"taxonomy":"post_tag","embeddable":true,"href":"https:\/\/hostnetart.com.br\/baixada\/wp-json\/wp\/v2\/tags?post=8611"}],"curies":[{"name":"wp","href":"https:\/\/api.w.org\/{rel}","templated":true}]}}