{"id":8607,"date":"2020-04-03T18:35:23","date_gmt":"2020-04-03T21:35:23","guid":{"rendered":"https:\/\/hostnetart.com.br\/baixada\/santander-vai-ampliar-rodizio-de-agencias-para-outros-estados\/"},"modified":"2020-04-03T18:35:23","modified_gmt":"2020-04-03T21:35:23","slug":"santander-vai-ampliar-rodizio-de-agencias-para-outros-estados","status":"publish","type":"post","link":"https:\/\/hostnetart.com.br\/baixada\/santander-vai-ampliar-rodizio-de-agencias-para-outros-estados\/","title":{"rendered":"Santander vai ampliar rod\u00edzio de ag\u00eancias para outros estados"},"content":{"rendered":"<div class=\"elementor-element elementor-element-194680ec elementor-widget elementor-widget-theme-post-content\" data-id=\"194680ec\" data-element_type=\"widget\" data-widget_type=\"theme-post-content.default\">\n<div class=\"elementor-widget-container\">\n<p>A Confedera\u00e7\u00e3o Nacional dos Trabalhadores do Ramo Financeiro (Contraf-CUT) foi informada pelo banco Santander que outros estados, al\u00e9m de S\u00e3o Paulo e Rio de Janeiro, far\u00e3o parte do \u201crod\u00edzio\u201d de fechamento de ag\u00eancias. A pr\u00e1tica faz parte das medidas implementadas para resguardar a seguran\u00e7a e a sa\u00fade dos clientes e funcion\u00e1rios do banco, devido \u00e0 pandemia causada pelo novo coronav\u00edrus.<\/p>\n<p> \u201cO banco informou que ainda estuda quais ag\u00eancias e estados entrar\u00e3o no rod\u00edzio e que, por mais que alguns gestores tenham sido consultados, a rela\u00e7\u00e3o pode sofrer altera\u00e7\u00f5es at\u00e9 a data de implementa\u00e7\u00e3o desta nova fase de fechamento de ag\u00eancias\u201d, informou o secret\u00e1rio de Assuntos Socioecon\u00f4micos da Contraf-CUT, Mario Raia, que representa a entidade nas negocia\u00e7\u00f5es com o banco.<\/p>\n<p> \u201c\u00c9 uma pena que algumas localidades consultadas pelo banco tenham vazado a informa\u00e7\u00e3o sobre a possibilidade de fechamento de ag\u00eancias sem que haja confirma\u00e7\u00e3o de quais ser\u00e3o efetivamente fechadas. Isso cria expectativas desnecess\u00e1rias entre os funcion\u00e1rios. Poderia ter sido evitado\u201d, lamentou o dirigente da Contraf-CUT. \u201cEsperamos que o banco agilize a divulga\u00e7\u00e3o oficial para acabar com a ansiedade\u201d, completou.<\/p>\n<p> As primeiras unidades do Santander que tiveram suas atividades interrompidas se localizam nas regi\u00f5es metropolitanas de S\u00e3o Paulo e do Rio de Janeiro, locais com o maior n\u00famero de casos registrados de COVID-19 no Brasil. O processo se iniciou na semana de 24 de mar\u00e7o e parte dos funcion\u00e1rios destas ag\u00eancias foram colocados em f\u00e9rias coletivas compuls\u00f3rias por 15 dias. O banco anunciou na ocasi\u00e3o que, ap\u00f3s esse per\u00edodo, seria realizado um rodizio com outras unidades, de forma a manter o atendimento ao p\u00fablico nestas capitais. O per\u00edodo de 15 dias se encerra na semana do dia 8 de abril.<\/p>\n<h3><strong>F\u00e9rias coletivas<\/strong><\/h3>\n<p>Em comunicado, o banco informou aos seus funcion\u00e1rios que \u201cde acordo com as regras contidas na Medida Provis\u00f3ria n\u00ba 927\/20, publicada em 22 de mar\u00e7o de 2020, pode ser concedidas f\u00e9rias pelo per\u00edodo de 15 dias, como medida de viabilizar o isolamento e preservar a sa\u00fade do colaborador\u201d. O banco disse ainda que \u201cdesta forma, a auto declara\u00e7\u00e3o para fins de afastamento n\u00e3o \u00e9 mais aplicada\u201d.<\/p>\n<p> Consultado sobre a utiliza\u00e7\u00e3o de mecanismos previstos na MP 927\/2020, o banco afirmou que a refer\u00eancia que faz \u00e0 MP 927, limita-se \u00e0 permiss\u00e3o de redu\u00e7\u00e3o do prazo para comunica\u00e7\u00e3o das f\u00e9rias aos funcion\u00e1rios e de dispensa de comunica\u00e7\u00e3o pr\u00e9via ao \u00f3rg\u00e3o local do Minist\u00e9rio da Economia e sindicatos representativos da categoria. O artigo 11 da MP determina que a notifica\u00e7\u00e3o aos funcion\u00e1rios pode ser feita com apenas 48 horas de anteced\u00eancia.<\/p>\n<p> O banco garantiu, por\u00e9m, que todos os direitos, inclusive o acr\u00e9scimo de 1\/3 ser\u00e3o pagos e que o montante n\u00e3o ser\u00e1 parcelado, mesmo a MP o autorizando do contr\u00e1rio.<\/p>\n<p> \u201cO Comando Nacional dos Banc\u00e1rios havia reivindicado que os bancos n\u00e3o utilizassem os mecanismos da MP 927. Vamos analisar para ver se n\u00e3o h\u00e1 preju\u00edzos aos funcion\u00e1rios e monitorar para verificar se o pagamento est\u00e1 sendo realizado com todos os direitos previstos na CLT, sem os ataques da MP 927\u201d, disse Mario Raia.<\/p>\n<h3><strong>Auto declara\u00e7\u00e3o para afastamento<\/strong><\/h3>\n<p>Conforme comunicado do banco, a auto declara\u00e7\u00e3o n\u00e3o serve mais como solicita\u00e7\u00e3o de afastamento. O banco est\u00e1 reformulando o documento que ser\u00e1 utilizado apenas para dar conhecimento ao RH da situa\u00e7\u00e3o.<\/p>\n<p> Segundo comunicado, o afastamento para gestantes, pessoas com doen\u00e7a cr\u00f4nica e funcion\u00e1rios acima de 60 anos se dar\u00e1 apenas por f\u00e9rias compuls\u00f3rias de 15 dias, que podem ser solicitadas pelo pr\u00f3prio gestor e ser\u00e3o concedidas em cinco dias ap\u00f3s a solicita\u00e7\u00e3o, como permitido pela Medida Provis\u00f3ria 927\/2020. O trabalho em home office \u00e9 outra possibilidade, mas o mesmo somente \u00e9 poss\u00edvel quando h\u00e1 essa disponibilidade. O afastamento poder\u00e1, por fim, se determinado por atestado m\u00e9dico.<\/p>\n<p> \u201cTamb\u00e9m neste caso, vamos analisar para ver se n\u00e3o h\u00e1 preju\u00edzos aos funcion\u00e1rios e nem se as determina\u00e7\u00f5es s\u00e3o contr\u00e1rias ao que ficou acordado entre o Comando Nacional e a Fenaban\u201d, observou o dirigente da Contraf-CUT. \u201cCaso haja preju\u00edzos aos funcion\u00e1rios, ou desrespeito ao acordado, a Fenaban e o banco ser\u00e3o comunicados para que a situa\u00e7\u00e3o seja resolvida. Caso contr\u00e1rio, o movimento analisar\u00e1 que medidas podem ser tomadas para defender os trabalhadores\u201d, concluiu.<\/p>\n<p><strong>Fonte: Contraf-CUT<\/strong><\/p>\n<\/div>\n<\/div>\n","protected":false},"excerpt":{"rendered":"<p>A Confedera\u00e7\u00e3o Nacional dos Trabalhadores do Ramo Financeiro (Contraf-CUT) foi informada pelo banco Santander que outros estados, al\u00e9m de S\u00e3o Paulo e Rio de Janeiro, far\u00e3o parte do \u201crod\u00edzio\u201d de fechamento de ag\u00eancias. A pr\u00e1tica faz parte das medidas implementadas para resguardar a seguran\u00e7a e a sa\u00fade dos clientes e funcion\u00e1rios do banco, devido \u00e0 [&hellip;]<\/p>\n","protected":false},"author":2,"featured_media":8606,"comment_status":"","ping_status":"","sticky":false,"template":"","format":"standard","meta":{"footnotes":""},"categories":[3],"tags":[],"class_list":["post-8607","post","type-post","status-publish","format-standard","has-post-thumbnail","hentry","category-noticias"],"_links":{"self":[{"href":"https:\/\/hostnetart.com.br\/baixada\/wp-json\/wp\/v2\/posts\/8607","targetHints":{"allow":["GET"]}}],"collection":[{"href":"https:\/\/hostnetart.com.br\/baixada\/wp-json\/wp\/v2\/posts"}],"about":[{"href":"https:\/\/hostnetart.com.br\/baixada\/wp-json\/wp\/v2\/types\/post"}],"author":[{"embeddable":true,"href":"https:\/\/hostnetart.com.br\/baixada\/wp-json\/wp\/v2\/users\/2"}],"replies":[{"embeddable":true,"href":"https:\/\/hostnetart.com.br\/baixada\/wp-json\/wp\/v2\/comments?post=8607"}],"version-history":[{"count":0,"href":"https:\/\/hostnetart.com.br\/baixada\/wp-json\/wp\/v2\/posts\/8607\/revisions"}],"wp:featuredmedia":[{"embeddable":true,"href":"https:\/\/hostnetart.com.br\/baixada\/wp-json\/wp\/v2\/media\/8606"}],"wp:attachment":[{"href":"https:\/\/hostnetart.com.br\/baixada\/wp-json\/wp\/v2\/media?parent=8607"}],"wp:term":[{"taxonomy":"category","embeddable":true,"href":"https:\/\/hostnetart.com.br\/baixada\/wp-json\/wp\/v2\/categories?post=8607"},{"taxonomy":"post_tag","embeddable":true,"href":"https:\/\/hostnetart.com.br\/baixada\/wp-json\/wp\/v2\/tags?post=8607"}],"curies":[{"name":"wp","href":"https:\/\/api.w.org\/{rel}","templated":true}]}}