{"id":8601,"date":"2020-04-03T18:10:23","date_gmt":"2020-04-03T21:10:23","guid":{"rendered":"https:\/\/hostnetart.com.br\/baixada\/pesquisadores-rebatem-fala-do-presidente-do-bb\/"},"modified":"2020-04-03T18:10:23","modified_gmt":"2020-04-03T21:10:23","slug":"pesquisadores-rebatem-fala-do-presidente-do-bb","status":"publish","type":"post","link":"https:\/\/hostnetart.com.br\/baixada\/pesquisadores-rebatem-fala-do-presidente-do-bb\/","title":{"rendered":"Pesquisadores rebatem fala do presidente do BB"},"content":{"rendered":"<p>Na ter\u00e7a-feira (31\/3), o presidente do Banco do Brasil, Rubem Novaes, voltou aos notici\u00e1rios ap\u00f3s declarar, em entrevista \u00e0 Folha de S.Paulo, que \u201ca ci\u00eancia m\u00e9dica \u00e9 t\u00e3o ou mais imprecisa que a ci\u00eancia econ\u00f4mica\u201d.<\/p>\n<p> A frase foi dita em resposta \u00e0 pergunta se a resist\u00eancia do presidente da Rep\u00fablica, Jair Bolsonaro, \u00e0s determina\u00e7\u00f5es do Minist\u00e9rio da Sa\u00fade e a fatos cient\u00edficos no tratamento do coronav\u00edrus comprometeria a credibilidade do Brasil no cen\u00e1rio mundial.<\/p>\n<p> Novaes vem se posicionamento contra o chamado <em>lockdown<\/em> (termo ingl\u00eas para aplica\u00e7\u00e3o de um protocolo de emerg\u00eancia que impede que as pessoas saiam de suas \u00e1reas). No Brasil, alguns governadores e prefeitos est\u00e3o tomando medidas de isolamento, entre cidades e estados, para conter a propaga\u00e7\u00e3o da COVID-19.<\/p>\n<p> O m\u00e9dico e professor Marcelo Urbano Ferreira, do Instituto de Ci\u00eancias Biom\u00e9dicas da USP, disse que ficou \u201cestarrecido\u201d com a declara\u00e7\u00e3o de Novaes.<\/p>\n<p> \u201cEle faz um coment\u00e1rio gen\u00e9rico sobre ci\u00eancias m\u00e9dicas, como se isso fosse algo homog\u00eaneo\u201d, pontuou. \u201cO que est\u00e1 em jogo, no caso da COVID-19, \u00e9 com que velocidade surgir\u00e3o novos casos, a ponto de, eventualmente, produzir um colapso no servi\u00e7o de sa\u00fade, principalmente, na assist\u00eancia m\u00e9dica mais complexa, que exige UTIs, ventiladores mec\u00e2nicos e uma s\u00e9rie de medicamentos e de infraestrutura que n\u00e3o s\u00e3o triviais, n\u00e3o s\u00e3o medidas r\u00e1pidas de serem implementadas e n\u00e3o est\u00e3o dispon\u00edveis em grande quantidade no pa\u00eds\u201d, explicou.<\/p>\n<p> Ferreira destacou que existem muitos trabalhos de modelagem matem\u00e1tica prevendo com que velocidade, em diferentes cen\u00e1rios de interven\u00e7\u00e3o, a epidemia pelo coronav\u00edrus vai atingir um ponto em que os pa\u00edses n\u00e3o ter\u00e3o mais condi\u00e7\u00f5es de cuidar dos seus doentes. Esse, ali\u00e1s, \u00e9 o atual drama na It\u00e1lia e Espanha. Os dois pa\u00edses demoraram na imposi\u00e7\u00e3o do <em>lockdown<\/em>. Na semana passada, em apenas um dia, a It\u00e1lia registrou mais de 1.700 mortos e a Espanha 838.<\/p>\n<p> \u201cO que sabemos, at\u00e9 agora, \u00e9 que, claramente, se n\u00e3o forem tomadas medidas bastante restritivas, daqui a menos de um m\u00eas, simplesmente n\u00e3o haver\u00e1 condi\u00e7\u00f5es de prestar uma assist\u00eancia m\u00e9dica, minimamente aceit\u00e1vel, para nossos doentes aqui no Brasil\u201d, alertou.<\/p>\n<p> \u201cUm grande colapso do sistema de sa\u00fade com preju\u00edzos de vidas, al\u00e9m do custo inaceit\u00e1vel que tem do ponto de vista social e humanit\u00e1rio, tem um impacto econ\u00f4mico assustador no pa\u00eds\u201d, arrematou o m\u00e9dico. Completando: \u201cQuando a gente pensa na quantidade de profissionais da \u00e1rea de sa\u00fade que est\u00e1 sendo infectada e, eventualmente, um n\u00famero n\u00e3o pequeno, em casos graves, come\u00e7ando a perder vidas, isso \u00e9 uma perda de capital humano impressionante. Vamos lembrar que o Brasil \u00e9 um pa\u00eds onde ainda temos dificuldades de acesso \u00e0 educa\u00e7\u00e3o e forma\u00e7\u00e3o profissional\u201d.<\/p>\n<p> O economista Caio Momesso, formado pela Unicamp e mestre em Administra\u00e7\u00e3o P\u00fablica e Governo pela FGV-EAESP, tamb\u00e9m considerou as declara\u00e7\u00f5es de Rubem Novaes desastrosas, especialmente uma vazada, na semana passada, de um grupo no WhatsApp, onde o presidente do BB afirmou que a vida n\u00e3o tem \u201cvalor infinito\u201d. <\/p>\n<p> \u201c\u00c9 muito preocupante ver algumas autoridades, num momento em que mais precisamos da lideran\u00e7a delas, colocar uma falsa dicotomia entre economia e coronav\u00edrus\u201d, observou.<\/p>\n<p> \u201cNos \u00faltimos dias, v\u00e1rias pessoas est\u00e3o se mobilizando, inclusive na economia, de diferentes matrizes de pensamento, conseguindo convergir para fazer propostas aos governadores. Essa converg\u00eancia s\u00f3 \u00e9 poss\u00edvel se a gente tem um ch\u00e3o \u00e9tico m\u00ednimo para dialogar, algo que j\u00e1 \u00e9 presente no campo da ci\u00eancia\u201d, destacou.<\/p>\n<p> \u201cN\u00e3o fazer nada [contra o aumento de casos no Brasil] n\u00e3o evitar\u00e1 que a economia entre em colapso. O v\u00edrus \u00e9 um fator externo, com impactos econ\u00f4micos no mundo inteiro\u201d, destacou. \u201c[A fala mais recente], do presidente do Banco do Brasil, segue o mesmo discurso da dicotomia usada por Bolsonaro na guerra contra governadores e prefeitos\u201d, completa.<\/p>\n<p> Momesso avalia que, mais adiante, por causa desse tensionamento pol\u00edtico, o governo federal poder\u00e1 culpa outras lideran\u00e7as pol\u00edticas pela crise econ\u00f4mica. Sobre como mitigar os efeitos da crise financeira causada pelo coronav\u00edrus, o economista ressalta que existem propostas sendo discutidas em v\u00e1rias frentes.<\/p>\n<p> \u201cUm avan\u00e7o \u00e9 a renda b\u00e1sica aprovada no Congresso. \u00c9 importante pensar, principalmente, nas pessoas e empresas mais vulner\u00e1veis, que n\u00e3o t\u00eam recurso de caixa. Outras propostas s\u00e3o a suspens\u00e3o de cobran\u00e7as, aplica\u00e7\u00e3o de juros s\u00f3 de rolagem, para que as d\u00edvidas n\u00e3o aumentem. Nesse sentido, a atua\u00e7\u00e3o dos bancos p\u00fablicos \u00e9 fundamental. Tamb\u00e9m precisamos pensar em maneiras de garantir a seguran\u00e7a alimentar. Por exemplo, como lidar com a log\u00edstica de distribui\u00e7\u00e3o de alimentos, aos mais vulner\u00e1veis, no momento em que boa parte precisa se manter isolada?\u201d, pontuou.<\/p>\n<p> O debate sobre a cria\u00e7\u00e3o da renda b\u00e1sica partiu da proposta apresentada pelas Centrais Sindicais ao presidente da C\u00e2mara dos Deputados, Rodrigo Maia (DEM-RJ), que propuseram uma renda m\u00ednima de meio sal\u00e1rio m\u00ednimo por pessoa, e articularam com setores empresariais e partidos pol\u00edticos. O governo queria que o aux\u00edlio fosse de apenas R$ 200. Somente por causa da press\u00e3o da Central \u00danica dos Trabalhadores (CUT), das demais centrais sindicais e de parlamentares de esquerda, o valor foi aumentado para R$ 600,00, podendo chegar a R$ 1.200,00 por fam\u00edlia.<\/p>\n<p>Juvandia Moreira, presidenta da Confedera\u00e7\u00e3o Nacional dos Trabalhadores do Ramo Financeiro (Contraf-CUT), destacou o papel das centrais sindicais, que apresentaram uma proposta de renda b\u00e1sica para o presidente da C\u00e2mara dos Deputados e articularam com setores empresariais e partidos pol\u00edticos. \u201c\u00c9 isso que muitos pa\u00edses est\u00e3o fazendo, garantindo renda e mandando o povo ficar em casa para controlar o cont\u00e1gio, enquanto buscam solu\u00e7\u00f5es para o atendimento da rede de sa\u00fade, testam rem\u00e9dios, desenvolvem vacinas\u201d, disse.<\/p>\n<p><strong>Texto: <\/strong> Lilian Milena, com edi\u00e7\u00f5es da Contraf-CUT<\/p>\n<p><span style=\"text-decoration: underline;\"><strong>Fonte: Contraf-CUT<\/strong><\/span><\/p>\n","protected":false},"excerpt":{"rendered":"<p>Na ter\u00e7a-feira (31\/3), o presidente do Banco do Brasil, Rubem Novaes, voltou aos notici\u00e1rios ap\u00f3s declarar, em entrevista \u00e0 Folha de S.Paulo, que \u201ca ci\u00eancia m\u00e9dica \u00e9 t\u00e3o ou mais imprecisa que a ci\u00eancia econ\u00f4mica\u201d. A frase foi dita em resposta \u00e0 pergunta se a resist\u00eancia do presidente da Rep\u00fablica, Jair Bolsonaro, \u00e0s determina\u00e7\u00f5es do [&hellip;]<\/p>\n","protected":false},"author":2,"featured_media":8600,"comment_status":"","ping_status":"","sticky":false,"template":"","format":"standard","meta":{"footnotes":""},"categories":[3],"tags":[],"class_list":["post-8601","post","type-post","status-publish","format-standard","has-post-thumbnail","hentry","category-noticias"],"_links":{"self":[{"href":"https:\/\/hostnetart.com.br\/baixada\/wp-json\/wp\/v2\/posts\/8601","targetHints":{"allow":["GET"]}}],"collection":[{"href":"https:\/\/hostnetart.com.br\/baixada\/wp-json\/wp\/v2\/posts"}],"about":[{"href":"https:\/\/hostnetart.com.br\/baixada\/wp-json\/wp\/v2\/types\/post"}],"author":[{"embeddable":true,"href":"https:\/\/hostnetart.com.br\/baixada\/wp-json\/wp\/v2\/users\/2"}],"replies":[{"embeddable":true,"href":"https:\/\/hostnetart.com.br\/baixada\/wp-json\/wp\/v2\/comments?post=8601"}],"version-history":[{"count":0,"href":"https:\/\/hostnetart.com.br\/baixada\/wp-json\/wp\/v2\/posts\/8601\/revisions"}],"wp:featuredmedia":[{"embeddable":true,"href":"https:\/\/hostnetart.com.br\/baixada\/wp-json\/wp\/v2\/media\/8600"}],"wp:attachment":[{"href":"https:\/\/hostnetart.com.br\/baixada\/wp-json\/wp\/v2\/media?parent=8601"}],"wp:term":[{"taxonomy":"category","embeddable":true,"href":"https:\/\/hostnetart.com.br\/baixada\/wp-json\/wp\/v2\/categories?post=8601"},{"taxonomy":"post_tag","embeddable":true,"href":"https:\/\/hostnetart.com.br\/baixada\/wp-json\/wp\/v2\/tags?post=8601"}],"curies":[{"name":"wp","href":"https:\/\/api.w.org\/{rel}","templated":true}]}}