{"id":8597,"date":"2020-04-02T20:43:51","date_gmt":"2020-04-02T23:43:51","guid":{"rendered":"https:\/\/hostnetart.com.br\/baixada\/2-de-abril-e-o-dia-mundial-da-conscientizacao-do-autismo\/"},"modified":"2020-04-02T20:43:51","modified_gmt":"2020-04-02T23:43:51","slug":"2-de-abril-e-o-dia-mundial-da-conscientizacao-do-autismo","status":"publish","type":"post","link":"https:\/\/hostnetart.com.br\/baixada\/2-de-abril-e-o-dia-mundial-da-conscientizacao-do-autismo\/","title":{"rendered":"2 de abril \u00e9 o Dia Mundial da Conscientiza\u00e7\u00e3o do Autismo"},"content":{"rendered":"<div class=\"elementor-element elementor-element-194680ec elementor-widget elementor-widget-theme-post-content\" data-id=\"194680ec\" data-element_type=\"widget\" data-widget_type=\"theme-post-content.default\">\n<div class=\"elementor-widget-container\">\n<p>2 de abril \u00e9 o Dia Mundial da Conscientiza\u00e7\u00e3o do Autismo. De acordo com o Minist\u00e9rio da Mulher, da Fam\u00edlia e dos Direitos Humanos, mais de setenta milh\u00f5es de pessoas em todo o mundo, sendo dois milh\u00f5es no Brasil, convivem com o Transtorno do Espectro do Autismo (TEA), que afeta a maneira como indiv\u00edduos se comunicam e interagem. \u00a0A data alerta para a import\u00e2ncia da inclus\u00e3o de autistas no mercado de trabalho.<\/p>\n<p>De acordo com Adilson Barros, diretor da Confedera\u00e7\u00e3o Nacional dos Trabalhadores do Ramo Financeiro (Contraf-CUT), atualmente, cerca de 85% das pessoas com autismo est\u00e3o fora do mercado de trabalho. \u201cNum planeta repleto de diversidade, a inclus\u00e3o se torna cada vez mais necess\u00e1ria. As empresas precisam abrir os olhos e se atentar para a capacidade de pessoas com TEA. Os autistas tamb\u00e9m s\u00e3o \u00f3timos profissionais e se destacam pelo foco e concentra\u00e7\u00e3o nas atividades\u201d, explicou.<\/p>\n<p>Segundo a dinamarquesa Organiza\u00e7\u00e3o N\u00e3o Governamental (ONG) Specialisterne, a taxa de reten\u00e7\u00e3o desses profissionais \u00e9 de 93% ap\u00f3s um ano de contrata\u00e7\u00e3o.<\/p>\n<h3><strong>Representante inspiradora<\/strong><\/h3>\n<p>Numa sociedade que caminha a passos curtos para a inclus\u00e3o de pessoas com Transtorno de Espectro de Autismo. A jovem ativista ambiental sueca, Greta Thunberg \u00e9 uma inspira\u00e7\u00e3o. A garota, que possui a S\u00edndrome de Asperger, um dos espectros de autismo, se destacou no mundo ao sentar do lado de fora do pr\u00e9dio do parlamento sueco e protestar para que o governo da Su\u00e9cia reduzisse as emiss\u00f5es de carbono.<\/p>\n<p>Ela tamb\u00e9m \u00e9 l\u00edder do movimento Greve das escolas pelo clima e foi considerada personalidade do ano, em 2019, pela revista americana Time.<\/p>\n<p><strong>Fonte: Contraf-CUT<\/strong><\/p>\n<\/div>\n<\/div>\n","protected":false},"excerpt":{"rendered":"<p>2 de abril \u00e9 o Dia Mundial da Conscientiza\u00e7\u00e3o do Autismo. De acordo com o Minist\u00e9rio da Mulher, da Fam\u00edlia e dos Direitos Humanos, mais de setenta milh\u00f5es de pessoas em todo o mundo, sendo dois milh\u00f5es no Brasil, convivem com o Transtorno do Espectro do Autismo (TEA), que afeta a maneira como indiv\u00edduos se [&hellip;]<\/p>\n","protected":false},"author":2,"featured_media":8596,"comment_status":"","ping_status":"","sticky":false,"template":"","format":"standard","meta":{"footnotes":""},"categories":[3],"tags":[],"class_list":["post-8597","post","type-post","status-publish","format-standard","has-post-thumbnail","hentry","category-noticias"],"_links":{"self":[{"href":"https:\/\/hostnetart.com.br\/baixada\/wp-json\/wp\/v2\/posts\/8597","targetHints":{"allow":["GET"]}}],"collection":[{"href":"https:\/\/hostnetart.com.br\/baixada\/wp-json\/wp\/v2\/posts"}],"about":[{"href":"https:\/\/hostnetart.com.br\/baixada\/wp-json\/wp\/v2\/types\/post"}],"author":[{"embeddable":true,"href":"https:\/\/hostnetart.com.br\/baixada\/wp-json\/wp\/v2\/users\/2"}],"replies":[{"embeddable":true,"href":"https:\/\/hostnetart.com.br\/baixada\/wp-json\/wp\/v2\/comments?post=8597"}],"version-history":[{"count":0,"href":"https:\/\/hostnetart.com.br\/baixada\/wp-json\/wp\/v2\/posts\/8597\/revisions"}],"wp:featuredmedia":[{"embeddable":true,"href":"https:\/\/hostnetart.com.br\/baixada\/wp-json\/wp\/v2\/media\/8596"}],"wp:attachment":[{"href":"https:\/\/hostnetart.com.br\/baixada\/wp-json\/wp\/v2\/media?parent=8597"}],"wp:term":[{"taxonomy":"category","embeddable":true,"href":"https:\/\/hostnetart.com.br\/baixada\/wp-json\/wp\/v2\/categories?post=8597"},{"taxonomy":"post_tag","embeddable":true,"href":"https:\/\/hostnetart.com.br\/baixada\/wp-json\/wp\/v2\/tags?post=8597"}],"curies":[{"name":"wp","href":"https:\/\/api.w.org\/{rel}","templated":true}]}}