{"id":8595,"date":"2020-04-02T20:42:54","date_gmt":"2020-04-02T23:42:54","guid":{"rendered":"https:\/\/hostnetart.com.br\/baixada\/bradesco-antecipa-parcela-do-decimo-terceiro-para-abril\/"},"modified":"2020-04-02T20:42:54","modified_gmt":"2020-04-02T23:42:54","slug":"bradesco-antecipa-parcela-do-decimo-terceiro-para-abril","status":"publish","type":"post","link":"https:\/\/hostnetart.com.br\/baixada\/bradesco-antecipa-parcela-do-decimo-terceiro-para-abril\/","title":{"rendered":"Bradesco antecipa parcela do d\u00e9cimo terceiro para abril"},"content":{"rendered":"<p>O Bradesco anunciou nesta quinta-feira (2) que antecipar\u00e1 o pagamento da primeira parcela do 13\u00ba sal\u00e1rio a seus funcion\u00e1rios para 29 de abril, um m\u00eas antes da data habitual de pagamento, 28 de maio. A medida dar\u00e1 um folego financeiro aos empregados em virtude da pandemia de coronav\u00edrus (Covid19).<\/p>\n<p>O banco disse que tomou a medida para garantir folego financeiro aos trabalhadores em tempo de conting\u00eancias, e que adiantou somente a primeira parcela para n\u00e3o comprometer o planejamento financeiro dos trabalhadores no fim do ano, quando ser\u00e1 paga a segunda parcela.<\/p>\n<p>Para Magaly Fagundes, coordenadora da Comiss\u00e3o de Organiza\u00e7\u00e3o dos Empregados (COE) do Brasdeco, a medida \u00e9 importante para os trabalhadores, pois aumenta a renda em um per\u00edodo excepcional de pandemia, mas ela lembra que o banco ainda n\u00e3o avan\u00e7ou em outras reivindica\u00e7\u00f5es da categoria. \u201cContinuamos cobrando do Bradesco um comprometimento formal de n\u00e3o demitir trabalhadores durante o per\u00edodo de pandemia e que suspensa a cobran\u00e7a de metas\u201d, disse.<\/p>\n<p><strong>Fonte: Contraf-CUT<\/strong><\/p>\n","protected":false},"excerpt":{"rendered":"<p>O Bradesco anunciou nesta quinta-feira (2) que antecipar\u00e1 o pagamento da primeira parcela do 13\u00ba sal\u00e1rio a seus funcion\u00e1rios para 29 de abril, um m\u00eas antes da data habitual de pagamento, 28 de maio. A medida dar\u00e1 um folego financeiro aos empregados em virtude da pandemia de coronav\u00edrus (Covid19). O banco disse que tomou a [&hellip;]<\/p>\n","protected":false},"author":2,"featured_media":8594,"comment_status":"","ping_status":"","sticky":false,"template":"","format":"standard","meta":{"footnotes":""},"categories":[3],"tags":[],"class_list":["post-8595","post","type-post","status-publish","format-standard","has-post-thumbnail","hentry","category-noticias"],"_links":{"self":[{"href":"https:\/\/hostnetart.com.br\/baixada\/wp-json\/wp\/v2\/posts\/8595","targetHints":{"allow":["GET"]}}],"collection":[{"href":"https:\/\/hostnetart.com.br\/baixada\/wp-json\/wp\/v2\/posts"}],"about":[{"href":"https:\/\/hostnetart.com.br\/baixada\/wp-json\/wp\/v2\/types\/post"}],"author":[{"embeddable":true,"href":"https:\/\/hostnetart.com.br\/baixada\/wp-json\/wp\/v2\/users\/2"}],"replies":[{"embeddable":true,"href":"https:\/\/hostnetart.com.br\/baixada\/wp-json\/wp\/v2\/comments?post=8595"}],"version-history":[{"count":0,"href":"https:\/\/hostnetart.com.br\/baixada\/wp-json\/wp\/v2\/posts\/8595\/revisions"}],"wp:featuredmedia":[{"embeddable":true,"href":"https:\/\/hostnetart.com.br\/baixada\/wp-json\/wp\/v2\/media\/8594"}],"wp:attachment":[{"href":"https:\/\/hostnetart.com.br\/baixada\/wp-json\/wp\/v2\/media?parent=8595"}],"wp:term":[{"taxonomy":"category","embeddable":true,"href":"https:\/\/hostnetart.com.br\/baixada\/wp-json\/wp\/v2\/categories?post=8595"},{"taxonomy":"post_tag","embeddable":true,"href":"https:\/\/hostnetart.com.br\/baixada\/wp-json\/wp\/v2\/tags?post=8595"}],"curies":[{"name":"wp","href":"https:\/\/api.w.org\/{rel}","templated":true}]}}