{"id":8593,"date":"2020-04-02T13:17:24","date_gmt":"2020-04-02T16:17:24","guid":{"rendered":"https:\/\/hostnetart.com.br\/baixada\/bancario-do-itau-e-reintegrado-pelo-sindicato-dos-bancarios-da-baixada-fluminense\/"},"modified":"2020-04-02T13:17:24","modified_gmt":"2020-04-02T16:17:24","slug":"bancario-do-itau-e-reintegrado-pelo-sindicato-dos-bancarios-da-baixada-fluminense","status":"publish","type":"post","link":"https:\/\/hostnetart.com.br\/baixada\/bancario-do-itau-e-reintegrado-pelo-sindicato-dos-bancarios-da-baixada-fluminense\/","title":{"rendered":"Banc\u00e1rio do Ita\u00fa \u00e9 reintegrado pelo Sindicato dos Banc\u00e1rios da Baixada Fluminense"},"content":{"rendered":"<p>Mais uma vit\u00f3ria do Sindicato!Mais uma vit\u00f3ria das banc\u00e1rias e banc\u00e1rios! Mais uma vit\u00f3ria da categoria!<\/p>\n<p>Mesmo com todas as dificuldades atuais, em tempos de coronav\u00edrus, o Sindicato dos Banc\u00e1rios da Baixada Fluminense conseguiu anular mais uma demiss\u00e3o.<\/p>\n<p> Marcelo Augusto, da ag\u00eancia 7889 do Banco Ita\u00fa, em S\u00e3o Jo\u00e3o de Meriti, tinha 29 anos de banco. O banc\u00e1rio, ao ser desligado, come\u00e7ou a receber liga\u00e7\u00f5es de advogados oferecendo seus servi\u00e7os. Mas, atrav\u00e9s de consultas a outras banc\u00e1rias e banc\u00e1rios que foram atendidos pelo Sindicato, procurou nosso atendimento jur\u00eddico. O atendimento, feito na \u00e1rea de sa\u00fade e com o acompanhamento do advogado, resultou em uma reintegra\u00e7\u00e3o em tempo recorde.<\/p>\n<p> O banc\u00e1rio foi desligado o dia 11 de fevereiro de 2020. Ap\u00f3s contato com o Sindicato, a a\u00e7\u00e3o foi distribu\u00edda na justi\u00e7a no dia 30 de mar\u00e7o. E, por fim, no dia 31 de mar\u00e7o, o juiz do trabalho da 1\u00aa vara de trabalho de S\u00e3o Jo\u00e3o de Meriti, Dr. Felipe Bernardo, deferiu o mandado de reintegra\u00e7\u00e3o.<\/p>\n<p> O Sindicato dos Banc\u00e1rios alerta aos gestores do banco Ita\u00fa, que uma decis\u00e3o judicial s\u00f3 pode ser contestada na \u00e1rea jur\u00eddica, atrav\u00e9s de um advogado do banco e dentro do processo.<br \/> Portanto, diante de uma ordem judicial, n\u00e3o h\u00e1 espa\u00e7o para quaisquer questionamento. O Sindicato tamb\u00e9m lembra aos gestores do banco Ita\u00fa que, nas suas condi\u00e7\u00f5es de gerentes de ag\u00eancia, eles representam a empresa nesses atos formais, e que a postura do banco n\u00e3o \u00e9 a de gera\u00e7\u00e3o de conflito quando se trata de cumprimento dos acordos e de decis\u00f5es judiciais.<\/p>\n<p>\u00a0<\/p>\n<p>\u00a0<\/p>\n","protected":false},"excerpt":{"rendered":"<p>Mais uma vit\u00f3ria do Sindicato!Mais uma vit\u00f3ria das banc\u00e1rias e banc\u00e1rios! Mais uma vit\u00f3ria da categoria! Mesmo com todas as dificuldades atuais, em tempos de coronav\u00edrus, o Sindicato dos Banc\u00e1rios da Baixada Fluminense conseguiu anular mais uma demiss\u00e3o. Marcelo Augusto, da ag\u00eancia 7889 do Banco Ita\u00fa, em S\u00e3o Jo\u00e3o de Meriti, tinha 29 anos de [&hellip;]<\/p>\n","protected":false},"author":2,"featured_media":8592,"comment_status":"","ping_status":"","sticky":false,"template":"","format":"standard","meta":{"footnotes":""},"categories":[3],"tags":[],"class_list":["post-8593","post","type-post","status-publish","format-standard","has-post-thumbnail","hentry","category-noticias"],"_links":{"self":[{"href":"https:\/\/hostnetart.com.br\/baixada\/wp-json\/wp\/v2\/posts\/8593","targetHints":{"allow":["GET"]}}],"collection":[{"href":"https:\/\/hostnetart.com.br\/baixada\/wp-json\/wp\/v2\/posts"}],"about":[{"href":"https:\/\/hostnetart.com.br\/baixada\/wp-json\/wp\/v2\/types\/post"}],"author":[{"embeddable":true,"href":"https:\/\/hostnetart.com.br\/baixada\/wp-json\/wp\/v2\/users\/2"}],"replies":[{"embeddable":true,"href":"https:\/\/hostnetart.com.br\/baixada\/wp-json\/wp\/v2\/comments?post=8593"}],"version-history":[{"count":0,"href":"https:\/\/hostnetart.com.br\/baixada\/wp-json\/wp\/v2\/posts\/8593\/revisions"}],"wp:featuredmedia":[{"embeddable":true,"href":"https:\/\/hostnetart.com.br\/baixada\/wp-json\/wp\/v2\/media\/8592"}],"wp:attachment":[{"href":"https:\/\/hostnetart.com.br\/baixada\/wp-json\/wp\/v2\/media?parent=8593"}],"wp:term":[{"taxonomy":"category","embeddable":true,"href":"https:\/\/hostnetart.com.br\/baixada\/wp-json\/wp\/v2\/categories?post=8593"},{"taxonomy":"post_tag","embeddable":true,"href":"https:\/\/hostnetart.com.br\/baixada\/wp-json\/wp\/v2\/tags?post=8593"}],"curies":[{"name":"wp","href":"https:\/\/api.w.org\/{rel}","templated":true}]}}