{"id":8591,"date":"2020-04-02T13:08:47","date_gmt":"2020-04-02T16:08:47","guid":{"rendered":"https:\/\/hostnetart.com.br\/baixada\/prazo-de-entrega-da-declaracao-do-ir-e-prorrogado-por-dois-meses\/"},"modified":"2020-04-02T13:08:47","modified_gmt":"2020-04-02T16:08:47","slug":"prazo-de-entrega-da-declaracao-do-ir-e-prorrogado-por-dois-meses","status":"publish","type":"post","link":"https:\/\/hostnetart.com.br\/baixada\/prazo-de-entrega-da-declaracao-do-ir-e-prorrogado-por-dois-meses\/","title":{"rendered":"Prazo de entrega da declara\u00e7\u00e3o do IR \u00e9 prorrogado por dois meses"},"content":{"rendered":"<p>O prazo para entrega da declara\u00e7\u00e3o de <a href=\"https:\/\/www.redebrasilatual.com.br\/economia\/2020\/02\/carnaval-bloco-imposto-renda-perdas\/\" target=\"_blank\" rel=\"noopener noreferrer\">Imposto de Renda de pessoas f\u00edsicas<\/a> foi prorrogado por dois meses. O an\u00fancio foi feito pelo Minist\u00e9rio da Economia, nesta quarta-feira (1\u00ba). O prazo da declara\u00e7\u00e3o do IR 2020, ano calend\u00e1rio 2019, se encerraria em 30 de abril. Agora, poder\u00e1 ser realizada at\u00e9 30 de junho.<\/p>\n<p>Por conta da <a href=\"https:\/\/www.redebrasilatual.com.br\/saude-e-ciencia\/2020\/04\/brasil-tem-6-866-doentes-com-o-novo-coronavirus-e-240-mortos\/\" target=\"_blank\" rel=\"noopener noreferrer\">crise do coronav\u00edrus<\/a>, a Receita concordou em prorrogar o prazo depois de ouvir relatos de contribuintes confinados em casa em raz\u00e3o do coronav\u00edrus, alegando dificuldades em obter documentos na empresa ou de conseguir recibos para dedu\u00e7\u00e3o de despesas.<\/p>\n<p>Em raz\u00e3o do adiamento do prazo de entrega da declara\u00e7\u00e3o do IR 2020, o cr\u00e9dito das restitui\u00e7\u00f5es tamb\u00e9m tende a ter seu prazo alterado, mas ainda n\u00e3o h\u00e1 uma data definida. O primeiro lote estava marcado para 29 de maio, mas isso poder\u00e1 mudar, j\u00e1 que as pessoas ainda estar\u00e3o no per\u00edodo de entrega.<\/p>\n<p>Neste ano, a <a href=\"http:\/\/receita.economia.gov.br\/\" target=\"_blank\" rel=\"noopener noreferrer\">Receita<\/a> tinha reduzido, de sete para cinco, o n\u00famero de lotes de restitui\u00e7\u00e3o e antecipado o primeiro lote, antes realizado em 15 de junho.<\/p>\n<p>No \u00faltimo dia 26, a Receita Federal tamb\u00e9m adiou a entrega do Imposto de Renda de microempreendedores individuais e empresas no regime de Simples Nacional tamb\u00e9m at\u00e9 o dia 30 de junho.<\/p>\n<p><strong>Fonte: Rede Brasil Atual<\/strong><\/p>\n","protected":false},"excerpt":{"rendered":"<p>O prazo para entrega da declara\u00e7\u00e3o de Imposto de Renda de pessoas f\u00edsicas foi prorrogado por dois meses. O an\u00fancio foi feito pelo Minist\u00e9rio da Economia, nesta quarta-feira (1\u00ba). O prazo da declara\u00e7\u00e3o do IR 2020, ano calend\u00e1rio 2019, se encerraria em 30 de abril. Agora, poder\u00e1 ser realizada at\u00e9 30 de junho. Por conta [&hellip;]<\/p>\n","protected":false},"author":2,"featured_media":8590,"comment_status":"","ping_status":"","sticky":false,"template":"","format":"standard","meta":{"footnotes":""},"categories":[3],"tags":[],"class_list":["post-8591","post","type-post","status-publish","format-standard","has-post-thumbnail","hentry","category-noticias"],"_links":{"self":[{"href":"https:\/\/hostnetart.com.br\/baixada\/wp-json\/wp\/v2\/posts\/8591","targetHints":{"allow":["GET"]}}],"collection":[{"href":"https:\/\/hostnetart.com.br\/baixada\/wp-json\/wp\/v2\/posts"}],"about":[{"href":"https:\/\/hostnetart.com.br\/baixada\/wp-json\/wp\/v2\/types\/post"}],"author":[{"embeddable":true,"href":"https:\/\/hostnetart.com.br\/baixada\/wp-json\/wp\/v2\/users\/2"}],"replies":[{"embeddable":true,"href":"https:\/\/hostnetart.com.br\/baixada\/wp-json\/wp\/v2\/comments?post=8591"}],"version-history":[{"count":0,"href":"https:\/\/hostnetart.com.br\/baixada\/wp-json\/wp\/v2\/posts\/8591\/revisions"}],"wp:featuredmedia":[{"embeddable":true,"href":"https:\/\/hostnetart.com.br\/baixada\/wp-json\/wp\/v2\/media\/8590"}],"wp:attachment":[{"href":"https:\/\/hostnetart.com.br\/baixada\/wp-json\/wp\/v2\/media?parent=8591"}],"wp:term":[{"taxonomy":"category","embeddable":true,"href":"https:\/\/hostnetart.com.br\/baixada\/wp-json\/wp\/v2\/categories?post=8591"},{"taxonomy":"post_tag","embeddable":true,"href":"https:\/\/hostnetart.com.br\/baixada\/wp-json\/wp\/v2\/tags?post=8591"}],"curies":[{"name":"wp","href":"https:\/\/api.w.org\/{rel}","templated":true}]}}