{"id":8589,"date":"2020-04-02T13:07:39","date_gmt":"2020-04-02T16:07:39","guid":{"rendered":"https:\/\/hostnetart.com.br\/baixada\/pandemia-gera-ansiedade-e-medo-nas-mulheres\/"},"modified":"2020-04-02T13:07:39","modified_gmt":"2020-04-02T16:07:39","slug":"pandemia-gera-ansiedade-e-medo-nas-mulheres","status":"publish","type":"post","link":"https:\/\/hostnetart.com.br\/baixada\/pandemia-gera-ansiedade-e-medo-nas-mulheres\/","title":{"rendered":"Pandemia gera ansiedade e medo nas mulheres"},"content":{"rendered":"<div class=\"elementor-element elementor-element-194680ec elementor-widget elementor-widget-theme-post-content\" data-id=\"194680ec\" data-element_type=\"widget\" data-widget_type=\"theme-post-content.default\">\n<div class=\"elementor-widget-container\">\n<p>Com o avan\u00e7o da pandemia causada pelo novo coronav\u00edrus no pa\u00eds, o movimento em hospitais e ambulat\u00f3rios se intensifica. Os pacientes apresentam sintomas como febre, tosse e falta de ar, t\u00edpicos da doen\u00e7a. Por\u00e9m, o que muita gente n\u00e3o sabe \u00e9 que a falta de ar muitas vezes est\u00e1 relacionada \u00e0 ansiedade, devido \u00e0 reclus\u00e3o durante a quarentena. Nesse caso, as mulheres s\u00e3o as que mais sofrem, pois al\u00e9m de terem de ficar reclusas, muitas delas n\u00e3o est\u00e3o seguras dentro da pr\u00f3pria casa.<\/p>\n<p>Um exemplo de casos de ansiedade durante a pandemia \u00e9 o relatado, em reportagem ao portal R7, pela m\u00e9dica generalista Lilian Bastos, que recebe pacientes com sintomas de ansiedade com frequ\u00eancia. Um dos casos que chamou sua aten\u00e7\u00e3o foi o de uma mulher casada, com aproximadamente 25 anos, que chegou \u00e0 Unidade B\u00e1sica de Sa\u00fade (UBS) com muita falta de ar.<\/p>\n<p>Para Lilian, o p\u00e2nico de sua paciente \u00e9 sintoma de mais um desafio trazido pelo coronav\u00edrus. \u201cEstava nervosa e chorava bastante. O marido disse que faria algo com ela caso os filhos tivessem qualquer sintoma da COVID-19\u201d, disse a m\u00e9dica.<\/p>\n<h3><em>Pandemia intensifica luta contra a viol\u00eancia \u00e0 mulher<\/em><\/h3>\n<p>De acordo com a ONU Mulheres e do Minist\u00e9rio da Mulher, Fam\u00edlia e Direitos Humanos, o n\u00famero de registro de den\u00fancias pelo canal Ligue 180 aumentou 17%. S\u00f3 em 2019, 7 a cada 10 v\u00edtimas de feminic\u00eddio foram mortas dentro de seus lares.<\/p>\n<p>Para Elaine Cutis, secret\u00e1ria da Mulher da Confedera\u00e7\u00e3o Nacional dos Trabalhadores do Ramo Financeiro (Contraf-CUT), o per\u00edodo pelo qual o Brasil est\u00e1 passando requer ainda mais aten\u00e7\u00e3o \u00e0s mulheres. \u201cContinuamos cobrando suporte e assist\u00eancia para as mulheres v\u00edtimas de viol\u00eancia, principalmente agora, durante a pandemia, quando elas s\u00e3o obrigadas a ficar em casa, com seu marido, que na maioria dos casos \u00e9 seu agressor\u201d, afirmou.<\/p>\n<p>Elaine tamb\u00e9m enfatizou a import\u00e2ncia da den\u00fancia dos casos de viol\u00eancia e feminic\u00eddio, assim como a puni\u00e7\u00e3o aos criminosos, que est\u00e3o se aproveitando desse momento delicado do pa\u00eds. \u201c\u00c9 importante que as v\u00edtimas de viol\u00eancia liguem no 180 e, se forem banc\u00e1rias, entrem em contato com o canal de viol\u00eancia contra a mulher dos bancos e denunciem qualquer agress\u00e3o, seja verbal ou f\u00edsica\u201d, completou a secret\u00e1ria da Mulher da Contraf-CUT.<\/p>\n<h3><em>Governo tenta naturalizar viol\u00eancia dom\u00e9stica<\/em><\/h3>\n<p>Na contram\u00e3o da preocupa\u00e7\u00e3o com a viol\u00eancia contra a mulher, o governo federal tenta naturalizar a situa\u00e7\u00e3o. Em declara\u00e7\u00e3o para a imprensa, no dia 29 de mar\u00e7o, Jair Bolsonaro legitimou o homem a agredir uma mulher pelo motivo de estar em confinamento. \u201cTem mulher apanhando em casa. Por que isso? Em casa que falta p\u00e3o, todos brigam e ningu\u00e9m tem raz\u00e3o. Como \u00e9 que acaba com isso? Tem que trabalhar, meu Deus do c\u00e9u\u201d, disse o presidente.<\/p>\n<p>Elaine Cutis repudiou a fala e o posicionamento do presidente durante \u00e0 pandemia. \u201cN\u00e3o podemos admitir que uma situa\u00e7\u00e3o t\u00e3o s\u00e9ria como essa seja aceita pela sociedade e principalmente pelos governantes. Cobramos pol\u00edticas que tragam seguran\u00e7a para as mulheres, que n\u00e3o s\u00f3 sofrem viol\u00eancias dom\u00e9sticas como tamb\u00e9m ps\u00edquicas e, al\u00e9m disso, tamb\u00e9m s\u00e3o quem cuida dos filhos, da casa, enquanto ainda trabalham em home office\u201d, concluiu a secret\u00e1ria da Mulher da Contraf-CUT.<\/p>\n<h3><em> Canal de atendimento \u00e0s banc\u00e1rias v\u00edtimas de viol\u00eancia <\/em><\/h3>\n<p>As banc\u00e1rias que forem v\u00edtimas de viol\u00eancia dom\u00e9stica ou ps\u00edquica podem denunciar as agress\u00f5es no canal de atendimento \u00e0s banc\u00e1rias v\u00edtimas de viol\u00eancia. O aditivo \u00e0 Conven\u00e7\u00e3o Coletiva de Trabalho (CCT) da categoria que d\u00e1 as diretrizes para a cria\u00e7\u00e3o de um programa de preven\u00e7\u00e3o \u00e0 pr\u00e1tica de viol\u00eancia dom\u00e9stica e familiar contra banc\u00e1rias, e garante o apoio \u00e0quelas que forem v\u00edtimas, foi assinado no dia 11 de mar\u00e7o pelo Comando Nacional dos Banc\u00e1rios e pela Federa\u00e7\u00e3o Nacional dos Bancos (Fenaban).<\/p>\n<p>Por reivindica\u00e7\u00e3o da categoria banc\u00e1ria, a proposta vinha sendo negociada desde mar\u00e7o de 2019. Na reuni\u00e3o de negocia\u00e7\u00e3o entre o Comando dos Banc\u00e1rios e a Fenaban, ocorrida em fevereiro de 2020, os bancos aceitaram a cria\u00e7\u00e3o do programa.<\/p>\n<p>Pesquisas apontam que, no Brasil, mulheres v\u00edtimas de viol\u00eancia costumam se ausentar do trabalho, em m\u00e9dia, por 18 dias . \u201cA aus\u00eancia de uma pol\u00edtica interna para lidar com o problema da viol\u00eancia dom\u00e9stica vivenciado por muitas mulheres no Brasil leva alguns gestores ao imobilismo ou ao tratamento inadequado da situa\u00e7\u00e3o. Por isso, interven\u00e7\u00f5es institucionais s\u00e3o necess\u00e1rias para contribuir e minimizar o sofrimento ps\u00edquico da mulher v\u00edtima de viol\u00eancia\u201d, disse a secret\u00e1ria da Mulher da Contraf-CUT.<\/p>\n<p>A n\u00e3o obrigatoriedade do cumprimento de metas no per\u00edodo de risco, o abono \u00e0s faltas, a garantia do emprego, atendimento psicol\u00f3gico e social s\u00e3o algumas das pol\u00edticas que os trabalhadores e trabalhadoras esperam que sejam criadas pelos programas de preven\u00e7\u00e3o e apoio \u00e0s banc\u00e1rias v\u00edtimas de viol\u00eancia dom\u00e9stica.<\/p>\n<p><strong>Fonte: Contraf-CUT<\/strong><\/p>\n<\/div>\n<\/div>\n","protected":false},"excerpt":{"rendered":"<p>Com o avan\u00e7o da pandemia causada pelo novo coronav\u00edrus no pa\u00eds, o movimento em hospitais e ambulat\u00f3rios se intensifica. Os pacientes apresentam sintomas como febre, tosse e falta de ar, t\u00edpicos da doen\u00e7a. Por\u00e9m, o que muita gente n\u00e3o sabe \u00e9 que a falta de ar muitas vezes est\u00e1 relacionada \u00e0 ansiedade, devido \u00e0 reclus\u00e3o [&hellip;]<\/p>\n","protected":false},"author":2,"featured_media":8588,"comment_status":"","ping_status":"","sticky":false,"template":"","format":"standard","meta":{"footnotes":""},"categories":[3],"tags":[],"class_list":["post-8589","post","type-post","status-publish","format-standard","has-post-thumbnail","hentry","category-noticias"],"_links":{"self":[{"href":"https:\/\/hostnetart.com.br\/baixada\/wp-json\/wp\/v2\/posts\/8589","targetHints":{"allow":["GET"]}}],"collection":[{"href":"https:\/\/hostnetart.com.br\/baixada\/wp-json\/wp\/v2\/posts"}],"about":[{"href":"https:\/\/hostnetart.com.br\/baixada\/wp-json\/wp\/v2\/types\/post"}],"author":[{"embeddable":true,"href":"https:\/\/hostnetart.com.br\/baixada\/wp-json\/wp\/v2\/users\/2"}],"replies":[{"embeddable":true,"href":"https:\/\/hostnetart.com.br\/baixada\/wp-json\/wp\/v2\/comments?post=8589"}],"version-history":[{"count":0,"href":"https:\/\/hostnetart.com.br\/baixada\/wp-json\/wp\/v2\/posts\/8589\/revisions"}],"wp:featuredmedia":[{"embeddable":true,"href":"https:\/\/hostnetart.com.br\/baixada\/wp-json\/wp\/v2\/media\/8588"}],"wp:attachment":[{"href":"https:\/\/hostnetart.com.br\/baixada\/wp-json\/wp\/v2\/media?parent=8589"}],"wp:term":[{"taxonomy":"category","embeddable":true,"href":"https:\/\/hostnetart.com.br\/baixada\/wp-json\/wp\/v2\/categories?post=8589"},{"taxonomy":"post_tag","embeddable":true,"href":"https:\/\/hostnetart.com.br\/baixada\/wp-json\/wp\/v2\/tags?post=8589"}],"curies":[{"name":"wp","href":"https:\/\/api.w.org\/{rel}","templated":true}]}}