{"id":8575,"date":"2020-04-01T03:53:45","date_gmt":"2020-04-01T06:53:45","guid":{"rendered":"https:\/\/hostnetart.com.br\/baixada\/contraf-cut-reivindica-suspensao-do-processo-de-reestruturacao-da-caixa\/"},"modified":"2020-04-01T03:53:45","modified_gmt":"2020-04-01T06:53:45","slug":"contraf-cut-reivindica-suspensao-do-processo-de-reestruturacao-da-caixa","status":"publish","type":"post","link":"https:\/\/hostnetart.com.br\/baixada\/contraf-cut-reivindica-suspensao-do-processo-de-reestruturacao-da-caixa\/","title":{"rendered":"Contraf-CUT reivindica suspens\u00e3o do processo de reestrutura\u00e7\u00e3o da Caixa"},"content":{"rendered":"<p>A Confedera\u00e7\u00e3o Nacional dos Trabalhadores do Ramo Financeiro (Contraf-CUT) enviou, nesta ter\u00e7a-feira (31), <a href=\"https:\/\/contrafcut.com.br\/wp-content\/uploads\/2020\/03\/of-05220-cef-suspensao-reestruturacao-covid-19.pdf?x21470\" target=\"_blank\" rel=\"noopener noreferrer\">um of\u00edcio <\/a>para o presidente da Caixa Econ\u00f4mica Federal, Pedro Guimar\u00e3es, para reivindicar a suspens\u00e3o de todos os atos decorrentes da \u201creestrutura\u00e7\u00e3o\u201d em curso no banco, para impedir preju\u00edzos aos banc\u00e1rios no atual estado de Calamidade P\u00fablica, reconhecido pelo Congresso Nacional por meio do Decreto publicado em 20 de mar\u00e7o de 2020.<\/p>\n<p>\u201cO atual cen\u00e1rio mundial tem deixado todo mundo num enorme estado de afli\u00e7\u00e3o e de incertezas. Para os banc\u00e1rios, \u00e9 ainda pior, porque, al\u00e9m da ansiedade da pandemia, ainda tem mudan\u00e7as quanto \u00e0 reestrutura\u00e7\u00e3o da empresa\u201d, disse Fabiana Uehara Proscholdt, secret\u00e1ria da Cultura e representante da Contraf-CUT nas negocia\u00e7\u00f5es com o banco, ao lembrar que j\u00e1 foram confirmados diversos casos de contamina\u00e7\u00e3o por coronav\u00edrus entre os trabalhadores do setor financeiro. <\/p>\n<p>\u201cA situa\u00e7\u00e3o pede prud\u00eancia e sensatez a qualquer empregador, especialmente naquilo que pode alterar as rela\u00e7\u00f5es de trabalho j\u00e1 estabilizadas. \u00c9 fundamental levar em considera\u00e7\u00e3o tamb\u00e9m que, algumas medidas dependem da manifesta\u00e7\u00e3o do empregado, que \u2013 em sua maioria \u2013 est\u00e3o em situa\u00e7\u00e3o de instabilidade emocional\u201d, completou.<\/p>\n<p><strong>Fonte: Contraf-CUT<\/strong><\/p>\n","protected":false},"excerpt":{"rendered":"<p>A Confedera\u00e7\u00e3o Nacional dos Trabalhadores do Ramo Financeiro (Contraf-CUT) enviou, nesta ter\u00e7a-feira (31), um of\u00edcio para o presidente da Caixa Econ\u00f4mica Federal, Pedro Guimar\u00e3es, para reivindicar a suspens\u00e3o de todos os atos decorrentes da \u201creestrutura\u00e7\u00e3o\u201d em curso no banco, para impedir preju\u00edzos aos banc\u00e1rios no atual estado de Calamidade P\u00fablica, reconhecido pelo Congresso Nacional por [&hellip;]<\/p>\n","protected":false},"author":2,"featured_media":8574,"comment_status":"","ping_status":"","sticky":false,"template":"","format":"standard","meta":{"footnotes":""},"categories":[3],"tags":[],"class_list":["post-8575","post","type-post","status-publish","format-standard","has-post-thumbnail","hentry","category-noticias"],"_links":{"self":[{"href":"https:\/\/hostnetart.com.br\/baixada\/wp-json\/wp\/v2\/posts\/8575","targetHints":{"allow":["GET"]}}],"collection":[{"href":"https:\/\/hostnetart.com.br\/baixada\/wp-json\/wp\/v2\/posts"}],"about":[{"href":"https:\/\/hostnetart.com.br\/baixada\/wp-json\/wp\/v2\/types\/post"}],"author":[{"embeddable":true,"href":"https:\/\/hostnetart.com.br\/baixada\/wp-json\/wp\/v2\/users\/2"}],"replies":[{"embeddable":true,"href":"https:\/\/hostnetart.com.br\/baixada\/wp-json\/wp\/v2\/comments?post=8575"}],"version-history":[{"count":0,"href":"https:\/\/hostnetart.com.br\/baixada\/wp-json\/wp\/v2\/posts\/8575\/revisions"}],"wp:featuredmedia":[{"embeddable":true,"href":"https:\/\/hostnetart.com.br\/baixada\/wp-json\/wp\/v2\/media\/8574"}],"wp:attachment":[{"href":"https:\/\/hostnetart.com.br\/baixada\/wp-json\/wp\/v2\/media?parent=8575"}],"wp:term":[{"taxonomy":"category","embeddable":true,"href":"https:\/\/hostnetart.com.br\/baixada\/wp-json\/wp\/v2\/categories?post=8575"},{"taxonomy":"post_tag","embeddable":true,"href":"https:\/\/hostnetart.com.br\/baixada\/wp-json\/wp\/v2\/tags?post=8575"}],"curies":[{"name":"wp","href":"https:\/\/api.w.org\/{rel}","templated":true}]}}