{"id":8571,"date":"2020-04-01T03:51:50","date_gmt":"2020-04-01T06:51:50","guid":{"rendered":"https:\/\/hostnetart.com.br\/baixada\/contraf-cut-pede-a-suspensao-dos-processos-seletivos-e-a-interrupcao-dos-prazos-processuais-internos\/"},"modified":"2020-04-01T03:51:50","modified_gmt":"2020-04-01T06:51:50","slug":"contraf-cut-pede-a-suspensao-dos-processos-seletivos-e-a-interrupcao-dos-prazos-processuais-internos","status":"publish","type":"post","link":"https:\/\/hostnetart.com.br\/baixada\/contraf-cut-pede-a-suspensao-dos-processos-seletivos-e-a-interrupcao-dos-prazos-processuais-internos\/","title":{"rendered":"Contraf-CUT pede a suspens\u00e3o dos processos seletivos e a interrup\u00e7\u00e3o dos prazos processuais internos"},"content":{"rendered":"<p>Depois de receber in\u00fameras den\u00fancias dos empregados da Caixa de inviabilidade para se inscreverem nos processos seletivos abertos, a Confedera\u00e7\u00e3o Nacional dos Trabalhadores do Ramo Financeiro (Contraf-CUT), atrav\u00e9s da Comiss\u00e3o Executiva dos Empregados da Caixa Econ\u00f4mica Federal (CEE\/Caixa), pede a <a href=\"https:\/\/contrafcut.com.br\/wp-content\/uploads\/2020\/03\/of-05120-cef-oficio-psi.pdf?x21470\" target=\"_blank\" rel=\"noopener noreferrer\">suspens\u00e3o dos processos seletivos internos e a interrup\u00e7\u00e3o dos prazos processuais dos processos disciplinares e de apura\u00e7\u00e3o \u00e9tica<\/a>, al\u00e9m da consequente suspens\u00e3o desses processos, at\u00e9 a normaliza\u00e7\u00e3o das atividades funcionais.<\/p>\n<p>\u201cNosso objetivo \u00e9 garantir que todos os empregados consigam participar e concorrerem \u00e0s vagas, se quiserem. Assim como possam se defender devidamente\u201d, explicou Fabiana Uehara Proscholdt, secret\u00e1ria da Cultura e representante da Contraf-CUT nas negocia\u00e7\u00f5es com o banco. Os relatos s\u00e3o de instabilidade na ferramenta eletr\u00f4nica de inscri\u00e7\u00f5es nos PSI\u2019s, que por vezes fica fora do ar ou trava, o que impossibilita a inscri\u00e7\u00e3o nos PSI\u2019s ou mesmo de equipamento para acesso \u00e0 rede. \u201cAs instabilidades do sistema e a aus\u00eancia de acesso \u00e0 rede fornecimento de certificados eletr\u00f4nicos pela Caixa impossibilitar a observa\u00e7\u00e3o dos princ\u00edpios da isonomia, da legalidade, da impessoalidade, da publicidade e da efici\u00eancia\u201d, diz o texto.<\/p>\n<p>Fonte: Contraf-CUT<\/p>\n","protected":false},"excerpt":{"rendered":"<p>Depois de receber in\u00fameras den\u00fancias dos empregados da Caixa de inviabilidade para se inscreverem nos processos seletivos abertos, a Confedera\u00e7\u00e3o Nacional dos Trabalhadores do Ramo Financeiro (Contraf-CUT), atrav\u00e9s da Comiss\u00e3o Executiva dos Empregados da Caixa Econ\u00f4mica Federal (CEE\/Caixa), pede a suspens\u00e3o dos processos seletivos internos e a interrup\u00e7\u00e3o dos prazos processuais dos processos disciplinares e [&hellip;]<\/p>\n","protected":false},"author":2,"featured_media":8570,"comment_status":"","ping_status":"","sticky":false,"template":"","format":"standard","meta":{"footnotes":""},"categories":[3],"tags":[],"class_list":["post-8571","post","type-post","status-publish","format-standard","has-post-thumbnail","hentry","category-noticias"],"_links":{"self":[{"href":"https:\/\/hostnetart.com.br\/baixada\/wp-json\/wp\/v2\/posts\/8571","targetHints":{"allow":["GET"]}}],"collection":[{"href":"https:\/\/hostnetart.com.br\/baixada\/wp-json\/wp\/v2\/posts"}],"about":[{"href":"https:\/\/hostnetart.com.br\/baixada\/wp-json\/wp\/v2\/types\/post"}],"author":[{"embeddable":true,"href":"https:\/\/hostnetart.com.br\/baixada\/wp-json\/wp\/v2\/users\/2"}],"replies":[{"embeddable":true,"href":"https:\/\/hostnetart.com.br\/baixada\/wp-json\/wp\/v2\/comments?post=8571"}],"version-history":[{"count":0,"href":"https:\/\/hostnetart.com.br\/baixada\/wp-json\/wp\/v2\/posts\/8571\/revisions"}],"wp:featuredmedia":[{"embeddable":true,"href":"https:\/\/hostnetart.com.br\/baixada\/wp-json\/wp\/v2\/media\/8570"}],"wp:attachment":[{"href":"https:\/\/hostnetart.com.br\/baixada\/wp-json\/wp\/v2\/media?parent=8571"}],"wp:term":[{"taxonomy":"category","embeddable":true,"href":"https:\/\/hostnetart.com.br\/baixada\/wp-json\/wp\/v2\/categories?post=8571"},{"taxonomy":"post_tag","embeddable":true,"href":"https:\/\/hostnetart.com.br\/baixada\/wp-json\/wp\/v2\/tags?post=8571"}],"curies":[{"name":"wp","href":"https:\/\/api.w.org\/{rel}","templated":true}]}}