{"id":8569,"date":"2020-04-01T03:50:55","date_gmt":"2020-04-01T06:50:55","guid":{"rendered":"https:\/\/hostnetart.com.br\/baixada\/presidente-do-bb-trabalha-contra-recomendacoes-para-contencao-da-covid-19\/"},"modified":"2020-04-01T03:50:55","modified_gmt":"2020-04-01T06:50:55","slug":"presidente-do-bb-trabalha-contra-recomendacoes-para-contencao-da-covid-19","status":"publish","type":"post","link":"https:\/\/hostnetart.com.br\/baixada\/presidente-do-bb-trabalha-contra-recomendacoes-para-contencao-da-covid-19\/","title":{"rendered":"Presidente do BB trabalha contra recomenda\u00e7\u00f5es para conten\u00e7\u00e3o da COVID-19"},"content":{"rendered":"<div class=\"elementor-element elementor-element-194680ec elementor-widget elementor-widget-theme-post-content\" data-id=\"194680ec\" data-element_type=\"widget\" data-widget_type=\"theme-post-content.default\">\n<div class=\"elementor-widget-container\">\n<p>Apesar de o Brasil ter entrado na fase de crescimento exponencial no n\u00famero de casos de contamina\u00e7\u00e3o e mortes pela COVID-19, o presidente do Banco do Brasil, Rubem Novaes, insiste em criticar a quarentena e, ainda, defende que a popula\u00e7\u00e3o seja infectada \u201co quanto antes\u201d para \u201cque a economia volte a funcionar\u201d.<\/p>\n<p>As declara\u00e7\u00f5es, publicadas nesta segunda-feira (30), no jornal O Globo, v\u00e3o na contram\u00e3o de estudos cient\u00edficos e da Organiza\u00e7\u00e3o Mundial da Sa\u00fade (OMS). Novaes argumentou que \u00e9 preciso que a pandemia alcance o m\u00e1ximo de pessoas, cerca de 70% da popula\u00e7\u00e3o, para que a sociedade seja \u201cimunizada\u201d. Os 30% restantes seriam \u201cos velhinhos e os j\u00e1 doentes\u201d que, segundo ele, n\u00e3o ser\u00e3o contaminados pelo v\u00edrus se forem isolados.<\/p>\n<p>Na semana passada, em um grupo de WhatsApp, Novaes havia dito que a vida n\u00e3o tem \u201cvalor infinito\u201d e que o v\u00edrus tinha \u201cque ser balanceado com a atividade econ\u00f4mica\u201d. Alguns dias antes, em entrevista ao jornal Valor Econ\u00f4mico, ele afirmou que a quarentena causaria \u201cdepress\u00e3o econ\u00f4mica com efeitos piores que os da epidemia\u201d.<\/p>\n<p>Em nota sobre as declara\u00e7\u00f5es infelizes do presidente do Banco do Brasil, a Conselheira de Administra\u00e7\u00e3o Representante dos Funcion\u00e1rios (Caref) do BB, D\u00e9bora Fonseca, pediu esclarecimentos para o Conselho de Administra\u00e7\u00e3o do banco. Ela prop\u00f4s ainda a redu\u00e7\u00e3o dos impactos econ\u00f4micos e sociais da pandemia no pa\u00eds, com a libera\u00e7\u00e3o de recursos para financiamentos, refinanciamentos e <a href=\"https:\/\/economia.estadao.com.br\/noticias\/geral,ao-menos-45-paises-ja-adotaram-medidas-para-conter-impactos-da-covid-19-em-emprego-e-renda,70003244688\" target=\"_blank\" rel=\"noopener noreferrer\">suspens\u00e3o de pagamentos<\/a> por seis meses.<\/p>\n<p>\u201cProposta essa que, de fato, ir\u00e1 salvaguardar as Micro e Pequenas Empresas, os Micros-Empreendedores Individuais e milhares de emprego\u201d, ponderou. A dirigente defendeu tamb\u00e9m fortalecimento de cr\u00e9dito pessoal, principalmente \u00e0 popula\u00e7\u00e3o de baixa renda, e a libera\u00e7\u00e3o de recursos para financiar o \u201cpoder p\u00fablico municipal e estadual\u201d no \u201ccombate \u00e0 COVID-19\u201d.<\/p>\n<p>Segundo o coordenador da Comiss\u00e3o de Empresa dos Funcion\u00e1rios do Banco do Brasil (CEBB), Jo\u00e3o Fukunaga, em todo o mundo, 45 pa\u00edses j\u00e1 est\u00e3o adotando medidas semelhantes \u00e0s apontadas pela Caref, para proteger o emprego e a renda. \u201cO governo e o Congresso dos Estados Unidos, por exemplo, trabalham em um pacote de ajuda financeira de quase U$ 2 trilh\u00f5es contra a recess\u00e3o decorrente da pandemia causado pelo novo coronav\u00edrus. Parte desse valor ser\u00e1 transferido na forma de uma bolsa mensal de R$ 1.200 por pessoa, para que elas fiquem em casa e n\u00e3o transmitam o v\u00edrus\u201d, explicou.<\/p>\n<p>\u201cMedidas adotadas em outros pa\u00edses para conter o impacto da pandemia sobre empregos e renda, incluem subs\u00eddios em sal\u00e1rios e licen\u00e7a remunerada. Cerca de 30 pa\u00edses j\u00e1 est\u00e3o praticando transfer\u00eancia direta de renda, entre eles \u00cdndia, Argentina, Austr\u00e1lia, Coreia do Sul, It\u00e1lia e Jap\u00e3o\u201d, completou.<\/p>\n<h3><strong>O fracasso da \u201cimunidade de rebanho\u201d<\/strong><\/h3>\n<p>A proposta de Novaes \u00e9 a mesma defendida pelo presidente da Rep\u00fablica, Jair Bolsonaro, e ministro da Economia, Paulo Guedes. A medida, de isolar apenas os mais velhos, e permitir a circula\u00e7\u00e3o da maior parte da popula\u00e7\u00e3o, chegou a ser adotada pelo Reino Unido no dia 11 de mar\u00e7o e, quatro dias depois, abandonada.<\/p>\n<p>\u201cEst\u00e1vamos esperando a imunidade de rebanho ganhar corpo. Agora percebemos que n\u00e3o \u00e9 poss\u00edvel lidar com isso\u201d, explicou Azra Ghani, respons\u00e1vel pelo departamento de Epidemiologia de Doen\u00e7as Infecciosas do Imperial College, prestigiada institui\u00e7\u00e3o inglesa.<\/p>\n<p>Os especialistas conclu\u00edram que a estrat\u00e9gia da \u201cimuniza\u00e7\u00e3o de rebanho\u201d em r\u00e1pida escala, al\u00e9m de levar o sistema de sa\u00fade do Reino Unido ao colapso, resultaria em 260 mil mortes entre os brit\u00e2nicos.<\/p>\n<h3><strong>Mortalidade confirmada entre jovens<\/strong><\/h3>\n<p>Nas \u00faltimas semanas, autoridades de sa\u00fade dos pa\u00edses europeus e da OMS aumentaram o alerta sobre o n\u00famero de v\u00edtimas fatais do coronav\u00edrus entre crian\u00e7as e adultos jovens.<\/p>\n<p>No \u00faltimo s\u00e1bado (28), o Brasil registrou, oficialmente, sua primeira v\u00edtima fatal no grupo de jovens adultos: Maur\u00edcio Suzuki, advogado de 26 anos, na capital paulista. Ele foi inclu\u00eddo nos casos de transmiss\u00e3o comunit\u00e1ria, quando n\u00e3o \u00e9 identificada a origem da contamina\u00e7\u00e3o.<\/p>\n<p>O mesmo pode ter acontecido com Edgard dos Santos Pereira, de 66 anos, funcion\u00e1rio do Banco do Brasil, da ag\u00eancia do Catete, no Rio, considerado, at\u00e9 o momento do fechamento dessa mat\u00e9ria, o primeiro caso de morte suspeita por coronav\u00edrus registrado na categoria banc\u00e1ria.<\/p>\n<p><strong>Fonte:<\/strong> Contraf-CUT, com colabora\u00e7\u00e3o de L\u00edlian Milena<\/p>\n<p>\u00a0<\/p>\n<\/div>\n<\/div>\n","protected":false},"excerpt":{"rendered":"<p>Apesar de o Brasil ter entrado na fase de crescimento exponencial no n\u00famero de casos de contamina\u00e7\u00e3o e mortes pela COVID-19, o presidente do Banco do Brasil, Rubem Novaes, insiste em criticar a quarentena e, ainda, defende que a popula\u00e7\u00e3o seja infectada \u201co quanto antes\u201d para \u201cque a economia volte a funcionar\u201d. As declara\u00e7\u00f5es, publicadas [&hellip;]<\/p>\n","protected":false},"author":2,"featured_media":8568,"comment_status":"","ping_status":"","sticky":false,"template":"","format":"standard","meta":{"footnotes":""},"categories":[8],"tags":[],"class_list":["post-8569","post","type-post","status-publish","format-standard","has-post-thumbnail","hentry","category-bancarios"],"_links":{"self":[{"href":"https:\/\/hostnetart.com.br\/baixada\/wp-json\/wp\/v2\/posts\/8569","targetHints":{"allow":["GET"]}}],"collection":[{"href":"https:\/\/hostnetart.com.br\/baixada\/wp-json\/wp\/v2\/posts"}],"about":[{"href":"https:\/\/hostnetart.com.br\/baixada\/wp-json\/wp\/v2\/types\/post"}],"author":[{"embeddable":true,"href":"https:\/\/hostnetart.com.br\/baixada\/wp-json\/wp\/v2\/users\/2"}],"replies":[{"embeddable":true,"href":"https:\/\/hostnetart.com.br\/baixada\/wp-json\/wp\/v2\/comments?post=8569"}],"version-history":[{"count":0,"href":"https:\/\/hostnetart.com.br\/baixada\/wp-json\/wp\/v2\/posts\/8569\/revisions"}],"wp:featuredmedia":[{"embeddable":true,"href":"https:\/\/hostnetart.com.br\/baixada\/wp-json\/wp\/v2\/media\/8568"}],"wp:attachment":[{"href":"https:\/\/hostnetart.com.br\/baixada\/wp-json\/wp\/v2\/media?parent=8569"}],"wp:term":[{"taxonomy":"category","embeddable":true,"href":"https:\/\/hostnetart.com.br\/baixada\/wp-json\/wp\/v2\/categories?post=8569"},{"taxonomy":"post_tag","embeddable":true,"href":"https:\/\/hostnetart.com.br\/baixada\/wp-json\/wp\/v2\/tags?post=8569"}],"curies":[{"name":"wp","href":"https:\/\/api.w.org\/{rel}","templated":true}]}}