{"id":8561,"date":"2020-03-30T20:28:29","date_gmt":"2020-03-30T23:28:29","guid":{"rendered":"https:\/\/hostnetart.com.br\/baixada\/coronavirus-bancos-se-comprometem-a-manter-quarentena\/"},"modified":"2020-03-30T20:28:29","modified_gmt":"2020-03-30T23:28:29","slug":"coronavirus-bancos-se-comprometem-a-manter-quarentena","status":"publish","type":"post","link":"https:\/\/hostnetart.com.br\/baixada\/coronavirus-bancos-se-comprometem-a-manter-quarentena\/","title":{"rendered":"Coronav\u00edrus: Bancos se comprometem a manter quarentena"},"content":{"rendered":"<div class=\"elementor-element elementor-element-194680ec elementor-widget elementor-widget-theme-post-content\" data-id=\"194680ec\" data-element_type=\"widget\" data-widget_type=\"theme-post-content.default\">\n<div class=\"elementor-widget-container\">\n<p>O Comando Nacional dos Banc\u00e1rios cobrou, nesta segunda-feira (30), e os bancos se comprometeram a manter a quarentena que j\u00e1 colocou mais de 230 mil banc\u00e1rios para trabalharem em casa, em sistema de home office. O compromisso foi assumido durante videoconfer\u00eancia entre o Comado dos Banc\u00e1rios e a Federa\u00e7\u00e3o Nacional dos Bancos (Fenaban).<\/p>\n<p>\u201cMuitos banc\u00e1rios que est\u00e3o trabalhando em casa t\u00eam procurado os sindicatos apreensivos. Buscam saber se a quarentena ser\u00e1 mantida, se ter\u00e3o que voltar ao trabalho em suas ag\u00eancias e departamentos, enfim, est\u00e3o com medo de ficarem expostos ao v\u00edrus e serem contagiados\u201d, afirmou a presidenta do Sindicato dos Banc\u00e1rios de S\u00e3o Paulo, Osasco e Regi\u00e3o, Ivone Silva, que \u00e9 uma das coordenadoras do Comando Nacional dos Banc\u00e1rios.<\/p>\n<p>Ivone explicou que a apreens\u00e3o se deve \u00e0 amea\u00e7a feita pelo presidente da Rep\u00fablica, Jair Bolsonaro, de que editaria um decreto obrigando o retorno ao trabalho e tamb\u00e9m porque os banc\u00e1rios sabem que se inicia nesta semana um momento cr\u00edtico do m\u00eas, quando aumenta a demanda pelo atendimento nas ag\u00eancias devido ao pagamento do benef\u00edcio da Previd\u00eancia, e que, muitos aposentados precisam do atendimento presencial para retirarem seus cart\u00f5es, uma vez que ser\u00e1 o primeiro pagamento que ir\u00e3o receber.<\/p>\n<p>\u201cO Bolsonaro foi irrespons\u00e1vel ao ir pras ruas defender o fim do isolamento social, contrariando todos os cientistas; as orienta\u00e7\u00f5es da OMS; e tudo que os outros pa\u00edses est\u00e3o fazendo. O Bolsonaro faz mal \u00e0 sa\u00fade p\u00fablica\u201d, afirmou Juvandia uma das coordenadoras do Comando.<\/p>\n<p>Ivone ressaltou que, mais do que nunca, \u00e9 importante que os bancos implantem um sistema eficiente de controle de aceso \u00e0s ag\u00eancias e o atendimento presencial exclusivo para clientes agendados. \u201c\u00c9 preciso ter um comunicado geral informando que ser\u00e3o atendidos presencialmente apenas servi\u00e7os essenciais e casos de extrema necessidade que tiverem sido previamente agendados. Isso d\u00e1 mais seguran\u00e7a n\u00e3o apenas para o banc\u00e1rio, mas tamb\u00e9m para o cliente, que n\u00e3o precisar\u00e1 ficar em filas na parte externa das ag\u00eancias\u201d, disse.<\/p>\n<h3><strong>Medidas j\u00e1 implementadas<\/strong><\/h3>\n<p>A representa\u00e7\u00e3o da categoria tamb\u00e9m cobrou respostas sobre as demais reivindica\u00e7\u00f5es de enfrentamento \u00e0 pandemia causada pelo novo coronav\u00edrus, que vem sendo apresentadas pelo movimento sindical aos bancos desde o dia 12 de mar\u00e7o, quando o Comando enviou um of\u00edcio \u00e0 Fenaban com os pedidos iniciais e a solicita\u00e7\u00e3o de uma reuni\u00e3o para discutir o assunto.<\/p>\n<p>Durante a reuni\u00e3o, a Febraban informou ainda que cerca de 2.200 ag\u00eancias foram fechadas em todo o Brasil, como medida para evitar a propaga\u00e7\u00e3o do v\u00edrus. Tamb\u00e9m foram fechados postos de atendimento banc\u00e1rios em aeroportos e hospitais e que voltar\u00e1 a negociar o fechamento daqueles que ainda n\u00e3o foram fechados por solicita\u00e7\u00e3o de outras categorias.<\/p>\n<p>A pedido do Comando dos Banc\u00e1rios, o Banco Central reduziu o hor\u00e1rio de atendimento ao p\u00fablico pelos bancos. O objetivo \u00e9 reduzir o tempo de exposi\u00e7\u00e3o ao v\u00edrus e evitar os hor\u00e1rios de maior movimento nos meios de transporte.<\/p>\n<p>Tamb\u00e9m a pedido do Comando, os bancos realizam uma campanha na m\u00eddia para orientar os clientes sobre o uso dos meios digitais; caixas eletr\u00f4nicos, assim como sobre os riscos da contamina\u00e7\u00e3o pelo coronav\u00edrus.<\/p>\n<p>Os bancos disponibilizam \u00e1lcool gel para os banc\u00e1rios que continuam trabalhando para manter as atividades essenciais do servi\u00e7o financeiro e atender os casos de extrema necessidade.<\/p>\n<p>\u201cAlgumas medidas negociadas foram implementadas, por\u00e9m ainda precisam ser cumpridas com mais efici\u00eancia. N\u00e3o pode, por exemplo, faltar \u00e1lcool gel nas ag\u00eancias. Sem isso, o banc\u00e1rio n\u00e3o pode trabalhar para n\u00e3o ficar sujeito ao cont\u00e1gio\u201d, alertou a presidenta da Confedera\u00e7\u00e3o Nacional dos Trabalhadores do Ramo Financeiro (Contraf-CUT), Juvandia Moreira, que, Juntamente com Ivone, coordena o Comando Nacional dos Banc\u00e1rios.<\/p>\n<p>\u201cTamb\u00e9m existem pessoas com suspeita de cont\u00e1gio, mas gestores n\u00e3o querem afast\u00e1-las; descumprindo aquilo que negociamos. Portanto \u00e9 preciso que todas as unidades sigam as determina\u00e7\u00f5es,\u201d cobrou Juvandia. O Comando tamb\u00e9m cobrou procedimentos para que os clientes mantenham a dist\u00e2ncia um do outro nas filas, pois isto n\u00e3o est\u00e1 sendo realizado em muitos locais.<\/p>\n<p>\u201cOs banc\u00e1rios continuam trabalhando no autoatendimento. E isso os coloca diretamente em risco e vai contra aquilo trabalhamos desde o primeiro dia\u201d, completou a presidenta da Contraf-CUT.<\/p>\n<h3><strong>Suspens\u00e3o das demiss\u00f5es, das metas e manuten\u00e7\u00e3o dos direitos<\/strong><\/h3>\n<p>Na semana passada, dois dos tr\u00eas maiores bancos privados do pa\u00eds comunicaram que n\u00e3o demitir\u00e3o funcion\u00e1rios enquanto durar a pandemia.<\/p>\n<p>Juvandia ressaltou a import\u00e2ncia da manuten\u00e7\u00e3o dos empregos, n\u00e3o somente para a categoria, mas para toda a sociedade, mas cobrou o compromisso tamb\u00e9m dos demais bancos privados, a exemplo do Bradesco que ainda n\u00e3o falou nada.<\/p>\n<p>Outra reivindica\u00e7\u00e3o da categoria foi a suspens\u00e3o da cobran\u00e7a pelo cumprimento metas. Os bancos disseram que priorizaram o debate sobre quest\u00f5es que envolvem a sa\u00fade dos trabalhadores e clientes e o assunto n\u00e3o foi discutido ainda. Mas, que foi orientado para que os bancos ajam com razoabilidade.<\/p>\n<p>Alertada que tem at\u00e9 poucos dias tinha banco cobrando at\u00e9 prospec\u00e7\u00e3o de clientes, a Fenaban disse que voltar\u00e1 a pedir razoabilidade aos bancos e que isso n\u00e3o vai mais acontecer.<\/p>\n<p>A presidenta da Contraf-CUT lembrou ainda que o governo tem tomado medidas para atender o setor banc\u00e1rio e dar mais liquidez aos bancos, liberando 1,2 trilh\u00f5es pro setor financeiro. \u201cAgora, os bancos precisam dar retorno \u00e0 sociedade para que o Brasil consiga superar essa situa\u00e7\u00e3o o quanto antes e a economia possa se reerguer depois que pandemia passar\u201d, disse Juvandia.<\/p>\n<p>Deu um trabalho enorme esse governo liberar recursos pro povo. N\u00e3o fosse a press\u00e3o e articula\u00e7\u00e3o das Centrais Sindicais n\u00e3o teria sa\u00eddo os R$ 600,00. Por\u00e9m as medidas de cr\u00e9dito \u00e0s pequenas e m\u00e9dias empresas \u00e9 insuficiente. \u201cSer\u00e3o 40 bilh\u00f5es ao todo e exclui as micros empresas que tem arrecada\u00e7\u00e3o menor que os 360 mil. O que vai deixar muitos sem receber nada. Defendemos tamb\u00e9m que esses recursos n\u00e3o tenha que ser devolvidos e seja a fundo perdido\u201d, finalizou Juvandia.<\/p>\n<p>A presidenta da Contraf-CUT cobrou ainda que os bancos n\u00e3o cumpram as medidas previstas nas Medidas Provis\u00f3rias 927 e 928\/2020, do Governo Federal, que autorizam as empresas a negociarem diretamente com os trabalhadores, sem a intermedia\u00e7\u00e3o dos sindicatos.<\/p>\n<p>\u201cValorizamos muito nossa mesa de negocia\u00e7\u00f5es, que \u00e9 um exemplo de como \u00e9 importante patr\u00f5es e trabalhadores decidirem juntos sobre quest\u00f5es que envolvem a classe trabalhadora. \u00c9 por isso que questionamos a medida provis\u00f3ria do governo e vamos usar todos os recursos para que ela n\u00e3o seja implementada\u201d, concluiu.<\/p>\n<p><strong>Fonte: Contraf-CUT<\/strong><\/p>\n<\/div>\n<\/div>\n","protected":false},"excerpt":{"rendered":"<p>O Comando Nacional dos Banc\u00e1rios cobrou, nesta segunda-feira (30), e os bancos se comprometeram a manter a quarentena que j\u00e1 colocou mais de 230 mil banc\u00e1rios para trabalharem em casa, em sistema de home office. O compromisso foi assumido durante videoconfer\u00eancia entre o Comado dos Banc\u00e1rios e a Federa\u00e7\u00e3o Nacional dos Bancos (Fenaban). \u201cMuitos banc\u00e1rios [&hellip;]<\/p>\n","protected":false},"author":2,"featured_media":8560,"comment_status":"","ping_status":"","sticky":false,"template":"","format":"standard","meta":{"footnotes":""},"categories":[3],"tags":[],"class_list":["post-8561","post","type-post","status-publish","format-standard","has-post-thumbnail","hentry","category-noticias"],"_links":{"self":[{"href":"https:\/\/hostnetart.com.br\/baixada\/wp-json\/wp\/v2\/posts\/8561","targetHints":{"allow":["GET"]}}],"collection":[{"href":"https:\/\/hostnetart.com.br\/baixada\/wp-json\/wp\/v2\/posts"}],"about":[{"href":"https:\/\/hostnetart.com.br\/baixada\/wp-json\/wp\/v2\/types\/post"}],"author":[{"embeddable":true,"href":"https:\/\/hostnetart.com.br\/baixada\/wp-json\/wp\/v2\/users\/2"}],"replies":[{"embeddable":true,"href":"https:\/\/hostnetart.com.br\/baixada\/wp-json\/wp\/v2\/comments?post=8561"}],"version-history":[{"count":0,"href":"https:\/\/hostnetart.com.br\/baixada\/wp-json\/wp\/v2\/posts\/8561\/revisions"}],"wp:featuredmedia":[{"embeddable":true,"href":"https:\/\/hostnetart.com.br\/baixada\/wp-json\/wp\/v2\/media\/8560"}],"wp:attachment":[{"href":"https:\/\/hostnetart.com.br\/baixada\/wp-json\/wp\/v2\/media?parent=8561"}],"wp:term":[{"taxonomy":"category","embeddable":true,"href":"https:\/\/hostnetart.com.br\/baixada\/wp-json\/wp\/v2\/categories?post=8561"},{"taxonomy":"post_tag","embeddable":true,"href":"https:\/\/hostnetart.com.br\/baixada\/wp-json\/wp\/v2\/tags?post=8561"}],"curies":[{"name":"wp","href":"https:\/\/api.w.org\/{rel}","templated":true}]}}