{"id":8557,"date":"2020-03-30T19:17:42","date_gmt":"2020-03-30T22:17:42","guid":{"rendered":"https:\/\/hostnetart.com.br\/baixada\/bancos-publicos-sao-essenciais-para-amenizar-os-efeitos-da-crise-economica-no-pais-diz-sergio-takemoto\/"},"modified":"2020-03-30T19:17:42","modified_gmt":"2020-03-30T22:17:42","slug":"bancos-publicos-sao-essenciais-para-amenizar-os-efeitos-da-crise-economica-no-pais-diz-sergio-takemoto","status":"publish","type":"post","link":"https:\/\/hostnetart.com.br\/baixada\/bancos-publicos-sao-essenciais-para-amenizar-os-efeitos-da-crise-economica-no-pais-diz-sergio-takemoto\/","title":{"rendered":"\u201cBancos p\u00fablicos s\u00e3o essenciais para amenizar os efeitos da crise econ\u00f4mica no pa\u00eds\u201d, diz S\u00e9rgio Takemoto"},"content":{"rendered":"<div class=\"elementor-element elementor-element-194680ec elementor-widget elementor-widget-theme-post-content\" data-id=\"194680ec\" data-element_type=\"widget\" data-widget_type=\"theme-post-content.default\">\n<div class=\"elementor-widget-container\">\n<p>S\u00e9rgio Takemoto, secret\u00e1rio de Finan\u00e7as da Confedera\u00e7\u00e3o Nacional dos Trabalhadores do Ramo Financeiro (Contraf-CUT), faz uma avalia\u00e7\u00e3o dos efeitos da crise do coronav\u00edrus (Covid19) na economia brasileira, nas atividades da categoria banc\u00e1ria e no atendimento \u00e0 popula\u00e7\u00e3o. Nesta entrevista, Takemoto destaca ainda a import\u00e2ncia da atua\u00e7\u00e3o da Caixa como principal agente dos programas sociais.<\/p>\n<p><strong>Que avalia\u00e7\u00e3o pode ser feita sobre a atual crise e os impactos na economia do pa\u00eds?<\/strong><\/p>\n<p>Takemoto \u2013 Com um presidente que coloca em risco a vida das pessoas, para atender a interesse de uma minoria privilegiada, agrava ainda mais a crise que estamos enfrentando. A crise n\u00e3o \u00e9 somente na sa\u00fade. A conjuntura \u00e9 aflitiva tamb\u00e9m para a economia nacional. Uma das medidas recomendadas pela Organiza\u00e7\u00e3o Mundial da Sa\u00fade (OMS) para o combate \u00e0 doen\u00e7a \u00e9 o controle estrito da circula\u00e7\u00e3o de pessoas. Isso \u00e9 fundamental com certeza, mas trar\u00e1 preju\u00edzos \u00e0 economia, podendo evoluir para situa\u00e7\u00f5es extremas de quarentena for\u00e7ada, como observado na It\u00e1lia. Por essa e outras raz\u00f5es, a economia brasileira ser\u00e1 muito afetada pela crise do coronav\u00edrus, como ocorre com outros pa\u00edses atingidos pela doen\u00e7a.<\/p>\n<p>O Brasil, que j\u00e1 apresentava um crescimento p\u00edfio antes da pandemia, dever\u00e1 ter ainda mais dificuldades para superar os preju\u00edzos sociais e financeiros causados pela crise.<\/p>\n<p><strong>As medidas adotadas pela Caixa atendem o prop\u00f3sito de ampliar a rede de prote\u00e7\u00e3o aos empregados na preven\u00e7\u00e3o ao coronav\u00edrus?<\/strong><\/p>\n<p>Takemoto \u2013 A Caixa, por ser o principal agente dos programas sociais, \u00e9 o banco que possui o maior n\u00famero de clientes no pa\u00eds. Um contingente de pessoas que procurou o banco, devido \u00e0s medidas anunciadas pelo governo de forma irrespons\u00e1vel, sem medir as consequ\u00eancias, gerou um caos nas ag\u00eancias.<\/p>\n<p>As entidades sindicais e associativas, atentas \u00e0 situa\u00e7\u00e3o dos trabalhadores, pressionaram a Caixa e outros bancos para que adotassem medidas para a prote\u00e7\u00e3o \u00e0 sa\u00fade dos empregados e da popula\u00e7\u00e3o. Ap\u00f3s as cobran\u00e7as, a Caixa foi o primeiro banco a adot\u00e1-las. Empregados do grupo de risco foram liberados e, nas ag\u00eancias, al\u00e9m da libera\u00e7\u00e3o de 70% do quadro, os 30% restantes v\u00e3o trabalhar em regime de escala semanal. Ficam mantidos apenas os servi\u00e7os essenciais \u00e0 sobreviv\u00eancia dos clientes e usu\u00e1rios, com hor\u00e1rio intercalado e em sistema de rod\u00edzio. Nos departamentos, houve a libera\u00e7\u00e3o do home office. Foi solicitado tamb\u00e9m que os mecanismos de prote\u00e7\u00e3o, como \u00e1lcool gel, m\u00e1scaras, limpeza, sejam disseminados.<\/p>\n<p>H\u00e1 situa\u00e7\u00f5es que precisam ser resolvidas, e por isso est\u00e3o sendo discutidas com a Caixa, como as dos empregados que moram com pessoas de risco e dos pais que n\u00e3o tem com quem deixar os filhos nesse per\u00edodo.<\/p>\n<p><strong>Qual tem sido o peso da atua\u00e7\u00e3o das entidades representativas na cobran\u00e7a de a\u00e7\u00f5es para assegurar a sa\u00fade dos trabalhadores?<\/strong><\/p>\n<p>Takemoto \u2013 H\u00e1 muito tempo, os empregados da Caixa s\u00e3o considerados uma das categorias mais organizadas do movimento sindical banc\u00e1rio. Para alcan\u00e7ar esse patamar, conta com entidades como a Fenae e as sindicais e associativas, que foram fundamentais para que a Caixa adotasse medidas preventivas. A Fenae sempre esteve atenta a toda situa\u00e7\u00e3o e, juntamente com as entidades sindicais, de imediato pressionou as institui\u00e7\u00f5es financeiras para que passassem a proteger os empregados e a popula\u00e7\u00e3o.<\/p>\n<p><strong>Como voc\u00ea avalia a situa\u00e7\u00e3o de quem est\u00e1 trabalhando nas ag\u00eancias, mesmo em hor\u00e1rio reduzido?<\/strong><\/p>\n<p>Takemoto \u2013 Os empregados ainda em atividade est\u00e3o, com raz\u00e3o, com medo de contrair o v\u00edrus. As entidades sindicais continuam a cobrar dos bancos e do governo a\u00e7\u00f5es urgentes para ampliar a seguran\u00e7a de todos os trabalhadores e da popula\u00e7\u00e3o que n\u00e3o podem ficar em isolamento. Queremos campanha de esclarecimentos e conscientiza\u00e7\u00e3o sobre a necessidade de isolamento, para combater a dissemina\u00e7\u00e3o do v\u00edrus e somente sa\u00edrem de casa em caso de extrema necessidade. Neste momento, a sa\u00fade \u00e9 fundamental.<\/p>\n<p><strong>Qual o papel da Caixa neste momento do Brasil?<\/strong><\/p>\n<p>Takemoto \u2013 Essa crise serviu para demonstrar que as empresas p\u00fablicas e o servi\u00e7o p\u00fablico s\u00e3o essenciais para o pa\u00eds e para a popula\u00e7\u00e3o. Patrim\u00f4nio p\u00fablico que o governo e setores da sociedade vendiam como parasitas da sociedade est\u00e1 sendo, agora, fundamental no combate \u00e0 pandemia causada pelo coronav\u00edrus.<\/p>\n<p>A Caixa, juntamente com os demais bancos p\u00fablicos, \u00e9 essencial para amenizar os efeitos da crise econ\u00f4mica decorrente da pandemia. As institui\u00e7\u00f5es financeiras p\u00fablicas j\u00e1 anunciaram uma s\u00e9rie de medidas econ\u00f4micas para tentar atenuar os efeitos da crise. Essa agilidade s\u00f3 \u00e9 poss\u00edvel porque s\u00e3o empresas p\u00fablicas. Mas \u00e9 preciso cobrar a responsabilidade do sistema financeiro privado. \u00c9 inadmiss\u00edvel que o setor campe\u00e3o de rentabilidade vire as costas para a sociedade em um momento de calamidade p\u00fablica. O governo e a sociedade devem cobrar dos bancos o retorno de uma parte dos lucros exorbitantes, destinando-os ao bem-comum e n\u00e3o apenas aos acionistas.<\/p>\n<p><span style=\"text-decoration: underline;\"><strong>Fonte: Contraf-CUT<\/strong><\/span><\/p>\n<\/div>\n<\/div>\n","protected":false},"excerpt":{"rendered":"<p>S\u00e9rgio Takemoto, secret\u00e1rio de Finan\u00e7as da Confedera\u00e7\u00e3o Nacional dos Trabalhadores do Ramo Financeiro (Contraf-CUT), faz uma avalia\u00e7\u00e3o dos efeitos da crise do coronav\u00edrus (Covid19) na economia brasileira, nas atividades da categoria banc\u00e1ria e no atendimento \u00e0 popula\u00e7\u00e3o. Nesta entrevista, Takemoto destaca ainda a import\u00e2ncia da atua\u00e7\u00e3o da Caixa como principal agente dos programas sociais. Que [&hellip;]<\/p>\n","protected":false},"author":2,"featured_media":8556,"comment_status":"","ping_status":"","sticky":false,"template":"","format":"standard","meta":{"footnotes":""},"categories":[3],"tags":[],"class_list":["post-8557","post","type-post","status-publish","format-standard","has-post-thumbnail","hentry","category-noticias"],"_links":{"self":[{"href":"https:\/\/hostnetart.com.br\/baixada\/wp-json\/wp\/v2\/posts\/8557","targetHints":{"allow":["GET"]}}],"collection":[{"href":"https:\/\/hostnetart.com.br\/baixada\/wp-json\/wp\/v2\/posts"}],"about":[{"href":"https:\/\/hostnetart.com.br\/baixada\/wp-json\/wp\/v2\/types\/post"}],"author":[{"embeddable":true,"href":"https:\/\/hostnetart.com.br\/baixada\/wp-json\/wp\/v2\/users\/2"}],"replies":[{"embeddable":true,"href":"https:\/\/hostnetart.com.br\/baixada\/wp-json\/wp\/v2\/comments?post=8557"}],"version-history":[{"count":0,"href":"https:\/\/hostnetart.com.br\/baixada\/wp-json\/wp\/v2\/posts\/8557\/revisions"}],"wp:featuredmedia":[{"embeddable":true,"href":"https:\/\/hostnetart.com.br\/baixada\/wp-json\/wp\/v2\/media\/8556"}],"wp:attachment":[{"href":"https:\/\/hostnetart.com.br\/baixada\/wp-json\/wp\/v2\/media?parent=8557"}],"wp:term":[{"taxonomy":"category","embeddable":true,"href":"https:\/\/hostnetart.com.br\/baixada\/wp-json\/wp\/v2\/categories?post=8557"},{"taxonomy":"post_tag","embeddable":true,"href":"https:\/\/hostnetart.com.br\/baixada\/wp-json\/wp\/v2\/tags?post=8557"}],"curies":[{"name":"wp","href":"https:\/\/api.w.org\/{rel}","templated":true}]}}