{"id":8551,"date":"2020-03-27T16:53:24","date_gmt":"2020-03-27T19:53:24","guid":{"rendered":"https:\/\/hostnetart.com.br\/baixada\/comando-dos-bancarios-e-fenaban-se-reunem-na-2-feira\/"},"modified":"2020-03-27T16:53:24","modified_gmt":"2020-03-27T19:53:24","slug":"comando-dos-bancarios-e-fenaban-se-reunem-na-2-feira","status":"publish","type":"post","link":"https:\/\/hostnetart.com.br\/baixada\/comando-dos-bancarios-e-fenaban-se-reunem-na-2-feira\/","title":{"rendered":"Comando dos Banc\u00e1rios e Fenaban se re\u00fanem na 2\u00aa feira"},"content":{"rendered":"<p>O Comando Nacional dos Banc\u00e1rios e a Federa\u00e7\u00e3o Nacional dos Bancos (Fenaban) se re\u00fanem na manh\u00e3 de segunda-feira (30) para dar continuidade \u00e0s negocia\u00e7\u00f5es sobre as medidas a serem implantadas pelos bancos no enfrentamento \u00e0 pandemia causada pelo novo coronav\u00edrus.<\/p>\n<p> O Comando vai cobrar <a href=\"https:\/\/contrafcut.com.br\/noticias\/coronavirus-comando-nacional-dos-bancarios-cobra-da-fenaban-que-bancarios-so-atendam-servicos-essenciais\/\">respostas sobre as reivindica\u00e7\u00f5es que apresentou na \u00faltima reuni\u00e3o<\/a>, que ainda n\u00e3o tenham sido implementadas pelos bancos, como, por exemplo, o compromisso de n\u00e3o demitirem trabalhadores durante o per\u00edodo em que perdurar o estado de calamidade e\/ou a pandemia no pa\u00eds. Dos tr\u00eas maiores bancos privados do pa\u00eds, o Bradesco foi o \u00fanico que ainda n\u00e3o assumiu este compromisso.<\/p>\n<p><strong>Fonte: Contraf-CUT<\/strong><\/p>\n","protected":false},"excerpt":{"rendered":"<p>O Comando Nacional dos Banc\u00e1rios e a Federa\u00e7\u00e3o Nacional dos Bancos (Fenaban) se re\u00fanem na manh\u00e3 de segunda-feira (30) para dar continuidade \u00e0s negocia\u00e7\u00f5es sobre as medidas a serem implantadas pelos bancos no enfrentamento \u00e0 pandemia causada pelo novo coronav\u00edrus. O Comando vai cobrar respostas sobre as reivindica\u00e7\u00f5es que apresentou na \u00faltima reuni\u00e3o, que ainda [&hellip;]<\/p>\n","protected":false},"author":2,"featured_media":8550,"comment_status":"","ping_status":"","sticky":false,"template":"","format":"standard","meta":{"footnotes":""},"categories":[3],"tags":[],"class_list":["post-8551","post","type-post","status-publish","format-standard","has-post-thumbnail","hentry","category-noticias"],"_links":{"self":[{"href":"https:\/\/hostnetart.com.br\/baixada\/wp-json\/wp\/v2\/posts\/8551","targetHints":{"allow":["GET"]}}],"collection":[{"href":"https:\/\/hostnetart.com.br\/baixada\/wp-json\/wp\/v2\/posts"}],"about":[{"href":"https:\/\/hostnetart.com.br\/baixada\/wp-json\/wp\/v2\/types\/post"}],"author":[{"embeddable":true,"href":"https:\/\/hostnetart.com.br\/baixada\/wp-json\/wp\/v2\/users\/2"}],"replies":[{"embeddable":true,"href":"https:\/\/hostnetart.com.br\/baixada\/wp-json\/wp\/v2\/comments?post=8551"}],"version-history":[{"count":0,"href":"https:\/\/hostnetart.com.br\/baixada\/wp-json\/wp\/v2\/posts\/8551\/revisions"}],"wp:featuredmedia":[{"embeddable":true,"href":"https:\/\/hostnetart.com.br\/baixada\/wp-json\/wp\/v2\/media\/8550"}],"wp:attachment":[{"href":"https:\/\/hostnetart.com.br\/baixada\/wp-json\/wp\/v2\/media?parent=8551"}],"wp:term":[{"taxonomy":"category","embeddable":true,"href":"https:\/\/hostnetart.com.br\/baixada\/wp-json\/wp\/v2\/categories?post=8551"},{"taxonomy":"post_tag","embeddable":true,"href":"https:\/\/hostnetart.com.br\/baixada\/wp-json\/wp\/v2\/tags?post=8551"}],"curies":[{"name":"wp","href":"https:\/\/api.w.org\/{rel}","templated":true}]}}