{"id":8549,"date":"2020-03-27T16:50:29","date_gmt":"2020-03-27T19:50:29","guid":{"rendered":"https:\/\/hostnetart.com.br\/baixada\/credito-para-atender-empresas-contra-impactos-da-covid-19-tera-bancos-publicos-na-linha-de-frente\/"},"modified":"2020-03-27T16:50:29","modified_gmt":"2020-03-27T19:50:29","slug":"credito-para-atender-empresas-contra-impactos-da-covid-19-tera-bancos-publicos-na-linha-de-frente","status":"publish","type":"post","link":"https:\/\/hostnetart.com.br\/baixada\/credito-para-atender-empresas-contra-impactos-da-covid-19-tera-bancos-publicos-na-linha-de-frente\/","title":{"rendered":"Cr\u00e9dito para atender empresas contra impactos da covid-19 ter\u00e1 bancos p\u00fablicos na linha de frente"},"content":{"rendered":"<p>O governo Bolsonaro anunciou, na manh\u00e3 desta sexta-feira (27), <a href=\"https:\/\/www.redebrasilatual.com.br\/economia\/2020\/03\/observatorio-fiscal-brasil-gasta-menos-combate-coronavirus\/?16po\/\" target=\"_blank\" rel=\"noopener noreferrer\">medidas econ\u00f4micas<\/a> adotadas para reduzir os efeitos do novo coronav\u00edrus no pa\u00eds. Ser\u00e1 criada uma linha de cr\u00e9dito de R$ 40 bilh\u00f5es. O objetivo \u00e9 financiar o pagamento dos sal\u00e1rios dos funcion\u00e1rios por dois meses.<\/p>\n<p>O presidente do Banco Central, Roberto Campos Neto, disse que a <a href=\"https:\/\/www.redebrasilatual.com.br\/economia\/2020\/03\/liquidez-precisa-chegar-as-familias-e-pequenas-empresas-diz-dieese\/?16po\/\" target=\"_blank\" rel=\"noopener noreferrer\">linha de credito emergencial<\/a> ser\u00e1 de R$ 20 bilh\u00f5es ao m\u00eas. Cerca de 85% do dinheiro ser\u00e1 capitaneado pelo Tesouro Nacional, por meio dos bancos p\u00fablicos \u2013 Banco do Brasil, Caixa Federal e BNDES. O restante ser\u00e1 distribu\u00eddo pelos bancos privados.<\/p>\n<p>Em tempos em que as institui\u00e7\u00f5es financeiras de controle p\u00fablico vinham tendo seu papel social amea\u00e7ado pelo sucateamento visando a privatiza\u00e7\u00f5es, fica ressaltado o <a href=\"https:\/\/recontaai.com.br\/2020\/03\/27\/coronavirus-governo-cria-linha-de-credito-para-financiar-folha-de-pagamento-de-pequenas-e-medias-empresas\/\" target=\"_blank\" rel=\"noopener noreferrer\">papel dos bancos p\u00fablicos<\/a> para o Estado proteger a economia \u2013 como ocorreu ap\u00f3s a crise global de 2008.<\/p>\n<p>O pagamento ser\u00e1 destinado diretamente para a conta dos trabalhadores e limitado a dois sal\u00e1rio m\u00ednimos. Ou seja, quem recebe tr\u00eas ou mais sal\u00e1rios, ter\u00e1 uma redu\u00e7\u00e3o para o limite de dois. As opera\u00e7\u00f5es estar\u00e3o dispon\u00edveis em at\u00e9 duas semanas, segundo Campos Neto.<\/p>\n<h2>Linha de cr\u00e9dito para Santas Casas<\/h2>\n<p>As empresas que aderirem \u00e0 linha de cr\u00e9dito ser\u00e3o proibidas de demitir seus empregados e ter\u00e3o uma taxa de juros de 3,75% ao ano, sem a cobran\u00e7a de <em>spread <\/em>banc\u00e1rio \u2013\u00a0a diferen\u00e7a entre o custo de capta\u00e7\u00e3o do recurso e a taxa final do empr\u00e9stimo. A expectativa \u00e9 que 1,4 milh\u00f5es de empresas entrem no programa.<\/p>\n<p>O presidente da Caixa, Pedro Guimar\u00e3es, tamb\u00e9m anunciou a redu\u00e7\u00e3o da cheque especial, que passa a ser de 2,9% ao m\u00eas. Ser\u00e1 destinada ainda pela Caixa uma linha de cr\u00e9dito para as Santa Casas, no valor de R$ 5 bilh\u00f5es, com juros de 10% ao ano \u2013 quase o triplo da Selic, a taxa b\u00e1sica paga pelo governo para se financiar, que est\u00e1 em 3,75% ao ano.<\/p>\n<p>O <a href=\"https:\/\/www.redebrasilatual.com.br\/politica\/2020\/03\/camara-coronavirus-renda-emergencial\/?16gs\/\" target=\"_blank\" rel=\"noopener noreferrer\">projeto de lei, aprovado pela C\u00e2mara dos Deputados, ontem (26)<\/a>, prev\u00ea recursos de R$ 600 para brasileiros em situa\u00e7\u00e3o de vulnerabilidade social, mas, na pr\u00e1tica, pode chegar a R$ 1.200 por fam\u00edlia. Segundo Guimar\u00e3es, a CEF ser\u00e1 a respons\u00e1vel pelo pagamento do valor.<\/p>\n<p><strong>Fonte: Rede Brasil Atual<\/strong><\/p>\n","protected":false},"excerpt":{"rendered":"<p>O governo Bolsonaro anunciou, na manh\u00e3 desta sexta-feira (27), medidas econ\u00f4micas adotadas para reduzir os efeitos do novo coronav\u00edrus no pa\u00eds. Ser\u00e1 criada uma linha de cr\u00e9dito de R$ 40 bilh\u00f5es. O objetivo \u00e9 financiar o pagamento dos sal\u00e1rios dos funcion\u00e1rios por dois meses. O presidente do Banco Central, Roberto Campos Neto, disse que a [&hellip;]<\/p>\n","protected":false},"author":2,"featured_media":8548,"comment_status":"","ping_status":"","sticky":false,"template":"","format":"standard","meta":{"footnotes":""},"categories":[3],"tags":[],"class_list":["post-8549","post","type-post","status-publish","format-standard","has-post-thumbnail","hentry","category-noticias"],"_links":{"self":[{"href":"https:\/\/hostnetart.com.br\/baixada\/wp-json\/wp\/v2\/posts\/8549","targetHints":{"allow":["GET"]}}],"collection":[{"href":"https:\/\/hostnetart.com.br\/baixada\/wp-json\/wp\/v2\/posts"}],"about":[{"href":"https:\/\/hostnetart.com.br\/baixada\/wp-json\/wp\/v2\/types\/post"}],"author":[{"embeddable":true,"href":"https:\/\/hostnetart.com.br\/baixada\/wp-json\/wp\/v2\/users\/2"}],"replies":[{"embeddable":true,"href":"https:\/\/hostnetart.com.br\/baixada\/wp-json\/wp\/v2\/comments?post=8549"}],"version-history":[{"count":0,"href":"https:\/\/hostnetart.com.br\/baixada\/wp-json\/wp\/v2\/posts\/8549\/revisions"}],"wp:featuredmedia":[{"embeddable":true,"href":"https:\/\/hostnetart.com.br\/baixada\/wp-json\/wp\/v2\/media\/8548"}],"wp:attachment":[{"href":"https:\/\/hostnetart.com.br\/baixada\/wp-json\/wp\/v2\/media?parent=8549"}],"wp:term":[{"taxonomy":"category","embeddable":true,"href":"https:\/\/hostnetart.com.br\/baixada\/wp-json\/wp\/v2\/categories?post=8549"},{"taxonomy":"post_tag","embeddable":true,"href":"https:\/\/hostnetart.com.br\/baixada\/wp-json\/wp\/v2\/tags?post=8549"}],"curies":[{"name":"wp","href":"https:\/\/api.w.org\/{rel}","templated":true}]}}