{"id":8547,"date":"2020-03-27T16:49:18","date_gmt":"2020-03-27T19:49:18","guid":{"rendered":"https:\/\/hostnetart.com.br\/baixada\/contraf-cut-cobra-das-financeiras-acoes-contra-o-coronavirus\/"},"modified":"2020-03-27T16:49:18","modified_gmt":"2020-03-27T19:49:18","slug":"contraf-cut-cobra-das-financeiras-acoes-contra-o-coronavirus","status":"publish","type":"post","link":"https:\/\/hostnetart.com.br\/baixada\/contraf-cut-cobra-das-financeiras-acoes-contra-o-coronavirus\/","title":{"rendered":"Contraf-CUT cobra das financeiras a\u00e7\u00f5es contra o coronav\u00edrus"},"content":{"rendered":"<p>A Confedera\u00e7\u00e3o Nacional dos Trabalhadores do Ramo Financeiro (Contraf-CUT) tem buscado junto \u00e0s financeiras solu\u00e7\u00f5es com o intuito de proteger a sa\u00fade e garantir a seguran\u00e7a dos trabalhadores dessas institui\u00e7\u00f5es, bem como a de seus familiares e clientes, desde o in\u00edcio da pandemia do coronav\u00edrus (Covid19). <\/p>\n<p>Nos mesmo moldes das negocia\u00e7\u00f5es com a Federa\u00e7\u00e3o Nacional dos Banco (Fenaban), a Contraf-CUT enviou, no dia 18 de mar\u00e7o, um of\u00edcio \u00e0 Federa\u00e7\u00e3o Interestadual das Institui\u00e7\u00f5es de Cr\u00e9dito, Financiamento e Investimento (Fenacrefi), solicitando, entre outras medidas, a implementa\u00e7\u00e3o de comunica\u00e7\u00e3o preventiva, uma pol\u00edtica de transpar\u00eancia frente os casos identificados de coronav\u00edrus, a libera\u00e7\u00e3o dos trabalhadores pertencentes a grupos de risco (idosos, gestantes, diab\u00e9ticos, pessoas com problemas card\u00edacos etc.) e o controle de acesso dos clientes nas financeiras.<\/p>\n<p>Enquanto aguarda o retorno, a Confedera\u00e7\u00e3o tem feito um levantamento de como est\u00e3o as financeiras e quais medidas est\u00e3o sendo aplicadas para conter a pandemia e manter a seguran\u00e7a dos financi\u00e1rios e da popula\u00e7\u00e3o. \u201cReivindicamos uma s\u00e9rie de medidas junto \u00e0 Fenacrefi, entre elas a maioria dos trabalhadores em home office, a manuten\u00e7\u00e3o dos empregos e a garantia da integralidade do sal\u00e1rio e benef\u00edcios previstos na CCT da categoria. Este \u00e9 um momento delicado, cujo objetivo \u00e9 preservar a sa\u00fade e a vida das pessoas, e n\u00e3o pensar apenas no lucro e em cobran\u00e7as de metas\u201d, enfatiza Jair Alves, coordenador de negocia\u00e7\u00e3o das Financeiras da Contraf-CUT.<\/p>\n<p><strong>Fonte: Contraf-CUT<\/strong><\/p>\n","protected":false},"excerpt":{"rendered":"<p>A Confedera\u00e7\u00e3o Nacional dos Trabalhadores do Ramo Financeiro (Contraf-CUT) tem buscado junto \u00e0s financeiras solu\u00e7\u00f5es com o intuito de proteger a sa\u00fade e garantir a seguran\u00e7a dos trabalhadores dessas institui\u00e7\u00f5es, bem como a de seus familiares e clientes, desde o in\u00edcio da pandemia do coronav\u00edrus (Covid19). Nos mesmo moldes das negocia\u00e7\u00f5es com a Federa\u00e7\u00e3o Nacional [&hellip;]<\/p>\n","protected":false},"author":2,"featured_media":8546,"comment_status":"","ping_status":"","sticky":false,"template":"","format":"standard","meta":{"footnotes":""},"categories":[3],"tags":[],"class_list":["post-8547","post","type-post","status-publish","format-standard","has-post-thumbnail","hentry","category-noticias"],"_links":{"self":[{"href":"https:\/\/hostnetart.com.br\/baixada\/wp-json\/wp\/v2\/posts\/8547","targetHints":{"allow":["GET"]}}],"collection":[{"href":"https:\/\/hostnetart.com.br\/baixada\/wp-json\/wp\/v2\/posts"}],"about":[{"href":"https:\/\/hostnetart.com.br\/baixada\/wp-json\/wp\/v2\/types\/post"}],"author":[{"embeddable":true,"href":"https:\/\/hostnetart.com.br\/baixada\/wp-json\/wp\/v2\/users\/2"}],"replies":[{"embeddable":true,"href":"https:\/\/hostnetart.com.br\/baixada\/wp-json\/wp\/v2\/comments?post=8547"}],"version-history":[{"count":0,"href":"https:\/\/hostnetart.com.br\/baixada\/wp-json\/wp\/v2\/posts\/8547\/revisions"}],"wp:featuredmedia":[{"embeddable":true,"href":"https:\/\/hostnetart.com.br\/baixada\/wp-json\/wp\/v2\/media\/8546"}],"wp:attachment":[{"href":"https:\/\/hostnetart.com.br\/baixada\/wp-json\/wp\/v2\/media?parent=8547"}],"wp:term":[{"taxonomy":"category","embeddable":true,"href":"https:\/\/hostnetart.com.br\/baixada\/wp-json\/wp\/v2\/categories?post=8547"},{"taxonomy":"post_tag","embeddable":true,"href":"https:\/\/hostnetart.com.br\/baixada\/wp-json\/wp\/v2\/tags?post=8547"}],"curies":[{"name":"wp","href":"https:\/\/api.w.org\/{rel}","templated":true}]}}