{"id":8505,"date":"2020-03-24T01:20:31","date_gmt":"2020-03-24T04:20:31","guid":{"rendered":"https:\/\/hostnetart.com.br\/baixada\/coronavirus-comando-nacional-dos-bancarios-cobra-da-fenaban-que-bancarios-so-atendam-servicos-essenciais\/"},"modified":"2020-03-24T01:20:31","modified_gmt":"2020-03-24T04:20:31","slug":"coronavirus-comando-nacional-dos-bancarios-cobra-da-fenaban-que-bancarios-so-atendam-servicos-essenciais","status":"publish","type":"post","link":"https:\/\/hostnetart.com.br\/baixada\/coronavirus-comando-nacional-dos-bancarios-cobra-da-fenaban-que-bancarios-so-atendam-servicos-essenciais\/","title":{"rendered":"Coronav\u00edrus: Comando Nacional dos Banc\u00e1rios cobra da Fenaban que banc\u00e1rios s\u00f3 atendam servi\u00e7os essenciais"},"content":{"rendered":"<div class=\"elementor-element elementor-element-194680ec elementor-widget elementor-widget-theme-post-content\" data-id=\"194680ec\" data-element_type=\"widget\" data-widget_type=\"theme-post-content.default\">\n<div class=\"elementor-widget-container\">\n<p>O Comando Nacional dos Banc\u00e1rios se reuniu, por videoconfer\u00eancia, nesta segunda-feira (23), com a Federa\u00e7\u00e3o Nacional dos Bancos (Fenaban) para discutir o funcionamento do trabalho nos estabelecimentos banc\u00e1rios e as medidas a serem tomadas para resguardar a sa\u00fade da categoria, dos clientes e usu\u00e1rios dos bancos, em decorr\u00eancia da pandemia causada pelo novo coronav\u00edrus (COVID-19).<\/p>\n<p>No in\u00edcio da reuni\u00e3o o Comando fez um balan\u00e7o da semana, exp\u00f4s os riscos da pandemia e colocou as reivindica\u00e7\u00f5es da categoria.<\/p>\n<p>A Fenaban informou que cerca de 200 mil banc\u00e1rios e banc\u00e1rias j\u00e1 est\u00e3o em home office e caminha pra aumentar.<\/p>\n<p>Uma das principais reivindica\u00e7\u00f5es da categoria foi para que os bancos mantenham apenas as atividades consideradas essenciais pelo <a href=\"http:\/\/www.planalto.gov.br\/ccivil_03\/_ato2019-2022\/2020\/decreto\/D10282.htm\" target=\"_blank\" rel=\"noopener noreferrer\">decreto 10.282\/2020<\/a>, que, no setor financeiro, s\u00e3o: \u201ccompensa\u00e7\u00e3o banc\u00e1ria, redes de cart\u00f5es de cr\u00e9dito e d\u00e9bito, caixas banc\u00e1rios eletr\u00f4nicos e outros servi\u00e7os n\u00e3o presenciais de institui\u00e7\u00f5es financeiras\u201d e o atendimento casos de extrema necessidade, \u00e0 exemplo do idoso que n\u00e3o tem como usar outro meio e o servi\u00e7o do qual dependa \u00e0 sobreviv\u00eancia do cidad\u00e3o, sejam realizados somente mediante agendamento pr\u00e9vio para preservar os clientes bem como os trabalhadores <\/p>\n<p>\u201cApenas o contingenciamento n\u00e3o est\u00e1 sendo suficiente. Mesmo assim, ele n\u00e3o est\u00e1 sendo adotado por todos os bancos e os que adotam n\u00e3o o fazem da mesma forma. Semana passada houve um grande movimento nas ag\u00eancias. Acaba que as pessoas n\u00e3o sabem o que devem fazer. V\u00e3o aos bancos sem que, neste momento, seja necess\u00e1rio\u201d, observou a presidenta da Confedera\u00e7\u00e3o Nacional dos Trabalhadores do Ramo Financeiro (Contraf-CUT), Juvandia Moreira, que \u00e9 uma das coordenadoras do Comando Nacional dos Banc\u00e1rios.<\/p>\n<p>\u201cIsso as exp\u00f5e ao risco e tamb\u00e9m exp\u00f5e os banc\u00e1rios e banc\u00e1rias, al\u00e9m de dificultar o atendimento de quem realmente precisa de atendimento presencial\u201d, completou a presidenta da Contraf-CUT, ao ressaltar que \u00e9 fundamental padronizar as medidas para que a popula\u00e7\u00e3o n\u00e3o fique perdida e os banc\u00e1rios n\u00e3o cobrem a\u00e7\u00e3o dos sindicatos para que determinado banco tome uma medida mais favor\u00e1vel que est\u00e1 sendo realizada por outro.\u201d A sa\u00fade \u00e9 a principal prioridade nesse momento\u201d, completou.<\/p>\n<p>O movimento sindical tamb\u00e9m reivindicou o fechamento das ag\u00eancias e demais unidades banc\u00e1rias para se realizar apenas o atendimento presencial dos casos de extrema necessidade e com agendamento; redu\u00e7\u00e3o da jornada para os que tiverem que ir ao local de trabalho; garantia de deslocamento seguro para os que tiverem que fazer o atendimento n\u00e3o presencial, a manuten\u00e7\u00e3o e o abastecimento dos caixas de autoatendimento; home office para todos os banc\u00e1rios e banc\u00e1rias, com exce\u00e7\u00e3o de quem ter\u00e1 que ir \u00e0s ag\u00eancias para dar suporte ao funcionamento dos caixas eletr\u00f4nicos.<\/p>\n<p>Para os que tiverem que comparecer para manter os servi\u00e7os essenciais, deve haver revezamento. Funcion\u00e1rios que fa\u00e7am parte dos grupos de risco, gr\u00e1vidas e aqueles que n\u00e3o tenham com quem deixar filhos menores, ou que residem com pessoas que fazem parte do grupo de risco n\u00e3o devem entrar no revezamento. <\/p>\n<p>Os bancos alegam que precisam manter as ag\u00eancias em funcionamento para atender, principalmente, os idosos e outras pessoas que n\u00e3o tenham condi\u00e7\u00f5es de se auto atender, mas v\u00e3o analisar as reivindica\u00e7\u00f5es da categoria e responder o quanto antes.<\/p>\n<figure class=\"wp-block-image size-large\"><img decoding=\"async\" class=\"wp-image-278285 lazyloaded\" src=\"https:\/\/contrafcut.com.br\/wp-content\/uploads\/2020\/03\/mp_925_5.jpg?x14694\" sizes=\"(max-width: 1920px) 100vw, 1920px\" srcset=\"https:\/\/contrafcut.com.br\/wp-content\/uploads\/2020\/03\/mp_925_5.jpg 1920w, https:\/\/contrafcut.com.br\/wp-content\/uploads\/2020\/03\/mp_925_5-410x230.jpg 410w, https:\/\/contrafcut.com.br\/wp-content\/uploads\/2020\/03\/mp_925_5-768x432.jpg 768w, https:\/\/contrafcut.com.br\/wp-content\/uploads\/2020\/03\/mp_925_5-1536x864.jpg 1536w\" alt=\"\" data-lazy-srcset=\"https:\/\/contrafcut.com.br\/wp-content\/uploads\/2020\/03\/mp_925_5.jpg 1920w, https:\/\/contrafcut.com.br\/wp-content\/uploads\/2020\/03\/mp_925_5-410x230.jpg 410w, https:\/\/contrafcut.com.br\/wp-content\/uploads\/2020\/03\/mp_925_5-768x432.jpg 768w, https:\/\/contrafcut.com.br\/wp-content\/uploads\/2020\/03\/mp_925_5-1536x864.jpg 1536w\" data-lazy-sizes=\"(max-width: 1920px) 100vw, 1920px\" data-lazy-src=\"https:\/\/contrafcut.com.br\/wp-content\/uploads\/2020\/03\/mp_925_5.jpg?x14694\" data-was-processed=\"true\" \/><\/figure>\n<h3>Ag\u00eancias lotadas<\/h3>\n<p>\u201c\u00c9 bom ver que a Fenaban est\u00e1 preocupada com as pessoas que se deslocam por longas dist\u00e2ncias para conseguir o atendimento banc\u00e1rio. Se as pessoas precisam se deslocar por longas dist\u00e2ncias \u00e9 porque n\u00e3o existem ag\u00eancias em todas as cidades, em todas as localidades. Os bancos est\u00e3o fechando ag\u00eancias e isso faz com que as pessoas precisem se deslocar para buscar o atendimento\u201d, afirmou a presidenta do <a href=\"https:\/\/spbancarios.com.br\/03\/2020\/bancarios-exigem-atendimento-apenas-de-servicos-essenciais-nas-agencias\" target=\"_blank\" rel=\"noopener noreferrer\">Sindicato dos Banc\u00e1rios de S\u00e3o Paulo, Osasco e Regi\u00e3o<\/a>, Ivone Silva, que coordena o Comando dos Banc\u00e1rios juntamente com Juvandia.<\/p>\n<p>Ivone ressaltou ainda que o problema de superlota\u00e7\u00e3o e a falta de ag\u00eancias j\u00e1 existia. \u201cAgora o problema ficou evidente por causa da pandemia. Mas, os banc\u00e1rios sempre estiveram sobrecarregados, as ag\u00eancias sempre estiveram lotadas, com aglomera\u00e7\u00e3o, as pessoas sempre tiveram que enfrentar longas filas para serem atendidas\u201d, disse. Ela ressaltou que espera que essa preocupa\u00e7\u00e3o perdure depois passar a pandemia.<\/p>\n<h3>Manuten\u00e7\u00e3o dos direitos<\/h3>\n<p>Entre as reivindica\u00e7\u00f5es do movimento que ser\u00e3o analisadas pelos bancos est\u00e1 a ultratividade dos <a href=\"https:\/\/contrafcut.com.br\/acordos-coletivos\/\" target=\"_blank\" rel=\"noopener noreferrer\">Acordos<\/a> e <a href=\"https:\/\/contrafcut.com.br\/wp-content\/uploads\/anexos\/convenios\/2b2f727bc33ea8bfb0c4ea349ed3bbea\/file\/cct-geral.PDF\" target=\"_blank\" rel=\"noopener noreferrer\">Conven\u00e7\u00f5es Coletivas at\u00e9 31\/01\/2021<\/a>. Caso seja aceita, os direitos da categoria, previstos na CCT e nos acordos espec\u00edficos por bancos, ser\u00e3o mantidos at\u00e9 esta data, ou at\u00e9 que haja a assinatura de uma nova CCT, caso ela se efetue antes de 31 de janeiro de 2021.<\/p>\n<p>O Comando tamb\u00e9m pediu que sejam suspensos os descomissionamentos, a cobran\u00e7a de metas e as demiss\u00f5es durante a vig\u00eancia do estado de calamidade, ou at\u00e9 que perdure a pandemia.<\/p>\n<p>Outra reivindica\u00e7\u00e3o da representa\u00e7\u00e3o sindical dos banc\u00e1rios foi para que seja antecipado o vale alimenta\u00e7\u00e3o da categoria.<\/p>\n<p>O Comando destacou ainda a import\u00e2ncia do respeito \u00e0 Conven\u00e7\u00e3o Coletiva e \u00e0 negocia\u00e7\u00e3o coletiva e, por isso, que n\u00e3o sejam adotadas as medidas previstas na <a href=\"http:\/\/www.planalto.gov.br\/ccivil_03\/_ato2019-2022\/2020\/Mpv\/mpv927.htm\">Medida Provis\u00f3ria 927\/2020<\/a>, publicada em edi\u00e7\u00e3o extraordin\u00e1ria do Di\u00e1rio Oficial da Uni\u00e3o deste domingo (22) e que permite corte de sal\u00e1rios e direitos e exclui os Sindicatos da negocia\u00e7\u00e3o. \u201cN\u00e3o vamos aceitar nenhuma altera\u00e7\u00e3o no contrato de trabalho que prejudique a categoria\u201d, frisou Juvandia, referindo-se a MP.<\/p>\n<figure class=\"wp-block-image size-large\"><img decoding=\"async\" class=\"wp-image-278287 lazyloaded\" src=\"https:\/\/contrafcut.com.br\/wp-content\/uploads\/2020\/03\/mp_925_11.jpg?x14694\" sizes=\"(max-width: 1920px) 100vw, 1920px\" srcset=\"https:\/\/contrafcut.com.br\/wp-content\/uploads\/2020\/03\/mp_925_11.jpg 1920w, https:\/\/contrafcut.com.br\/wp-content\/uploads\/2020\/03\/mp_925_11-410x230.jpg 410w, https:\/\/contrafcut.com.br\/wp-content\/uploads\/2020\/03\/mp_925_11-768x432.jpg 768w, https:\/\/contrafcut.com.br\/wp-content\/uploads\/2020\/03\/mp_925_11-1536x864.jpg 1536w\" alt=\"\" data-lazy-srcset=\"https:\/\/contrafcut.com.br\/wp-content\/uploads\/2020\/03\/mp_925_11.jpg 1920w, https:\/\/contrafcut.com.br\/wp-content\/uploads\/2020\/03\/mp_925_11-410x230.jpg 410w, https:\/\/contrafcut.com.br\/wp-content\/uploads\/2020\/03\/mp_925_11-768x432.jpg 768w, https:\/\/contrafcut.com.br\/wp-content\/uploads\/2020\/03\/mp_925_11-1536x864.jpg 1536w\" data-lazy-sizes=\"(max-width: 1920px) 100vw, 1920px\" data-lazy-src=\"https:\/\/contrafcut.com.br\/wp-content\/uploads\/2020\/03\/mp_925_11.jpg?x14694\" data-was-processed=\"true\" \/><\/figure>\n<h3>Medidas sanit\u00e1rias<\/h3>\n<p>O Comando pediu tamb\u00e9m para que a Fenaban intensifique a campanha na m\u00eddia, orientando os clientes sobre o uso dos meios digitais, caixas eletr\u00f4nicos e os riscos da contamina\u00e7\u00e3o pelo coronav\u00edrus. Tamb\u00e9m que sejam disponibilizadas m\u00e1scaras, luvas e \u00e1lcool gel para todos os banc\u00e1rios que ir\u00e3o realizar as atividades essenciais do setor.<\/p>\n<h3>Para clientes<\/h3>\n<p>O Comando tamb\u00e9m fez reivindica\u00e7\u00f5es que beneficiam os clientes e usu\u00e1rios do sistema banc\u00e1rio, como a suspens\u00e3o dos vencimentos dos boletos por sessenta dias e a isen\u00e7\u00e3o de tarifas para de transfer\u00eancias eletr\u00f4nicas (TED E DOC) para clientes com renda de at\u00e9 dois sal\u00e1rios m\u00ednimos. O objetivo \u00e9 diminuir a contamina\u00e7\u00e3o pelo uso de c\u00e9dulas e evitar que os clientes se dirijam aos bancos para pagar boletos que vencem no per\u00edodo.<\/p>\n<p><strong>Fonte: Contra-CUT<\/strong><\/p>\n<\/div>\n<\/div>\n","protected":false},"excerpt":{"rendered":"<p>O Comando Nacional dos Banc\u00e1rios se reuniu, por videoconfer\u00eancia, nesta segunda-feira (23), com a Federa\u00e7\u00e3o Nacional dos Bancos (Fenaban) para discutir o funcionamento do trabalho nos estabelecimentos banc\u00e1rios e as medidas a serem tomadas para resguardar a sa\u00fade da categoria, dos clientes e usu\u00e1rios dos bancos, em decorr\u00eancia da pandemia causada pelo novo coronav\u00edrus (COVID-19). [&hellip;]<\/p>\n","protected":false},"author":2,"featured_media":8504,"comment_status":"","ping_status":"","sticky":false,"template":"","format":"standard","meta":{"footnotes":""},"categories":[3],"tags":[],"class_list":["post-8505","post","type-post","status-publish","format-standard","has-post-thumbnail","hentry","category-noticias"],"_links":{"self":[{"href":"https:\/\/hostnetart.com.br\/baixada\/wp-json\/wp\/v2\/posts\/8505","targetHints":{"allow":["GET"]}}],"collection":[{"href":"https:\/\/hostnetart.com.br\/baixada\/wp-json\/wp\/v2\/posts"}],"about":[{"href":"https:\/\/hostnetart.com.br\/baixada\/wp-json\/wp\/v2\/types\/post"}],"author":[{"embeddable":true,"href":"https:\/\/hostnetart.com.br\/baixada\/wp-json\/wp\/v2\/users\/2"}],"replies":[{"embeddable":true,"href":"https:\/\/hostnetart.com.br\/baixada\/wp-json\/wp\/v2\/comments?post=8505"}],"version-history":[{"count":0,"href":"https:\/\/hostnetart.com.br\/baixada\/wp-json\/wp\/v2\/posts\/8505\/revisions"}],"wp:featuredmedia":[{"embeddable":true,"href":"https:\/\/hostnetart.com.br\/baixada\/wp-json\/wp\/v2\/media\/8504"}],"wp:attachment":[{"href":"https:\/\/hostnetart.com.br\/baixada\/wp-json\/wp\/v2\/media?parent=8505"}],"wp:term":[{"taxonomy":"category","embeddable":true,"href":"https:\/\/hostnetart.com.br\/baixada\/wp-json\/wp\/v2\/categories?post=8505"},{"taxonomy":"post_tag","embeddable":true,"href":"https:\/\/hostnetart.com.br\/baixada\/wp-json\/wp\/v2\/tags?post=8505"}],"curies":[{"name":"wp","href":"https:\/\/api.w.org\/{rel}","templated":true}]}}