{"id":8499,"date":"2020-03-23T14:36:14","date_gmt":"2020-03-23T17:36:14","guid":{"rendered":"https:\/\/hostnetart.com.br\/baixada\/agencias-da-caixa-ficarao-fechadas-e-so-atenderao-servicos-essenciais\/"},"modified":"2020-03-23T14:36:14","modified_gmt":"2020-03-23T17:36:14","slug":"agencias-da-caixa-ficarao-fechadas-e-so-atenderao-servicos-essenciais","status":"publish","type":"post","link":"https:\/\/hostnetart.com.br\/baixada\/agencias-da-caixa-ficarao-fechadas-e-so-atenderao-servicos-essenciais\/","title":{"rendered":"Ag\u00eancias da Caixa ficar\u00e3o fechadas e s\u00f3 atender\u00e3o servi\u00e7os essenciais"},"content":{"rendered":"<div class=\"elementor-element elementor-element-194680ec elementor-widget elementor-widget-theme-post-content\" data-id=\"194680ec\" data-element_type=\"widget\" data-widget_type=\"theme-post-content.default\">\n<div class=\"elementor-widget-container\">\n<p>A Caixa Econ\u00f4mica Federal <a href=\"https:\/\/caixanoticias.caixa.gov.br\/noticia\/20595\/caixa-amplia-servicos-digitais-e-prioriza-atendimento-social-essencial-nas-agencias\" target=\"_blank\" rel=\"noopener noreferrer\">anunciou neste domingo (22)<\/a> que, a partir desta segunda-feira, em decorr\u00eancia da escalada da pandemia causada pelo novo coronav\u00edrus (COVID-19) no pa\u00eds, fechar\u00e1 suas portas para o atendimento ao p\u00fablico e vai focar sua atua\u00e7\u00e3o no pleno funcionamento da sala de autoatendimento, com abastecimento de numer\u00e1rio e processamento de dep\u00f3sitos. O atendimento presencial no interior das ag\u00eancias ser\u00e1 somente para saque de INSS\/seguro desemprego\/seguro defeso\/abono salarial\/FGTS para quem n\u00e3o possui cart\u00e3o e senha, ou tenham que efetuar o desbloqueio de cart\u00e3o e senha da conta.<\/p>\n<p>As ag\u00eancias iniciar\u00e3o o expediente com uma hora de anteced\u00eancia para atender os clientes do grupo de risco que precisem realizar os servi\u00e7os necess\u00e1rios \u00e0 sobreviv\u00eancia da popula\u00e7\u00e3o, considerados essenciais conforme previs\u00e3o do <a href=\"http:\/\/www.planalto.gov.br\/ccivil_03\/_ato2019-2022\/2020\/decreto\/D10282.htm\" target=\"_blank\" rel=\"noopener noreferrer\">decreto 10.282\/2020<\/a>.<\/p>\n<h3>Pedido do movimento sindical<\/h3>\n<p>Na sexta-feira (20), o <a href=\"https:\/\/contrafcut.com.br\/noticias\/comando-nacional-manda-oficio-ao-bb-e-caixa-pedindo-fim-das-aglomeracoes-de-clientes-nas-agencias\/\" target=\"_blank\" rel=\"noopener noreferrer\">Comando Nacional dos Banc\u00e1rios havia mandado um of\u00edcio ao banco<\/a> reivindicando medidas que acabassem com as aglomera\u00e7\u00f5es no banco, a fim de resguardar a seguran\u00e7a e a sa\u00fade dos empregados, clientes e usu\u00e1rios.<\/p>\n<p>\u201cO banco tomou a decis\u00e3o correta. Neste momento, \u00e9 preciso resguardar a sa\u00fade dos empregados, clientes e de todo o p\u00fablico que utiliza os servi\u00e7os da Caixa\u201d, avaliou a presidenta da Confedera\u00e7\u00e3o Nacional dos Trabalhadores do Ramo Financeiro (Contraf-CUT), Juvandia Moreira, que \u00e9 uma das coordenadoras do Comado Nacional dos Banc\u00e1rios. \u201cVamos cobrar dos demais bancos a mesma medida\u201d, completou.<\/p>\n<p>O <a href=\"https:\/\/contrafcut.com.br\/noticias\/comando-nacional-dos-bancarios-se-reune-com-a-fenaban-nesta-segunda-feira-23\/\" target=\"_blank\" rel=\"noopener noreferrer\">Comando Nacional dos Banc\u00e1rios e a Federa\u00e7\u00e3o Nacional dos Bancos (Fenaban) se re\u00fanem<\/a> por videoconfer\u00eancia, na manh\u00e3 de segunda-feira (23), para tratar sobre as atividades da categoria nos estabelecimentos banc\u00e1rios e as medidas a serem tomadas diante da pandemia causada pelo novo coronav\u00edrus (COVID-19).<\/p>\n<p>\u201cA comiss\u00e3o Executiva dos Empregados vem cobrando responsabilidade da dire\u00e7\u00e3o da Caixa com a sa\u00fade dos empregados e usu\u00e1rios desde os primeiros casos da doen\u00e7a no Brasil. Na semana passada foram diversos casos de suspeita e altera\u00e7\u00f5es nos procedimentos ap\u00f3s reivindica\u00e7\u00f5es dos empregados. Hoje a dire\u00e7\u00e3o da Caixa finalmente anuncia protocolo de forma mais respons\u00e1vel e evita que os empregados precisem ir aos hospitais para buscar atestado, aceitando autodeclara\u00e7\u00e3o de sintoma para afastamento e, por seus vice-presidentes, garantiu que a Caixa vai atender s\u00f3 servi\u00e7os essenciais\u201d, disse o coordenador da Comiss\u00e3o Executiva dos Empregados da Caixa, Dion\u00edsio Reis. <\/p>\n<p>\u201cCom esses avan\u00e7os, na pr\u00f3xima semana buscaremos firmar que n\u00e3o ir\u00e3o ou trabalho m\u00e3es de crian\u00e7as em idade escolar e pessoas que morem com outras que fa\u00e7am parte do grupo de risco\u201d, completou o coordenador da CEE\/Caixa, destacando que os empregados devem repassar aos sindicatos os casos em que os gerentes das unidades n\u00e3o tiverem bom-senso.<\/p>\n<h3>Home office<\/h3>\n<p>Em seu an\u00fancio o banco informou que 70% dos empregados de ag\u00eancias ser\u00e3o liberados para trabalharem home office. O banco vai disponibilizar um sistema para permitir que os empregados realizem o atendimento via WhatsApp das demais atividades operacionais das ag\u00eancias.<\/p>\n<p>Entre estes est\u00e3o todas gestantes e lactantes, adultos com mais de 60 anos, portadores de doen\u00e7as cardiovasculares, como hipertens\u00e3o; diabetes; tratamento de c\u00e2ncer e pessoas com defici\u00eancia ficar\u00e3o em casa.<\/p>\n<p>Os 30% dos empregados restantes trabalhar\u00e3o em regime de escala semanal. Cabendo ao gerente geral, juntamente com os empregados, a defini\u00e7\u00e3o.<\/p>\n<h3>Medidas de seguran\u00e7a<\/h3>\n<p>O banco informou ainda que fez uma aquisi\u00e7\u00e3o emergencial de \u00e1lcool gel para as ag\u00eancias que n\u00e3o est\u00e3o conseguindo adquirir o produto localmente e que antecipar\u00e1 a campanha de vacina\u00e7\u00e3o contra gripe de julho para o in\u00edcio de abril.<\/p>\n<p><strong>Fonte: Contraf-CUT<\/strong><\/p>\n<\/div>\n<\/div>\n","protected":false},"excerpt":{"rendered":"<p>A Caixa Econ\u00f4mica Federal anunciou neste domingo (22) que, a partir desta segunda-feira, em decorr\u00eancia da escalada da pandemia causada pelo novo coronav\u00edrus (COVID-19) no pa\u00eds, fechar\u00e1 suas portas para o atendimento ao p\u00fablico e vai focar sua atua\u00e7\u00e3o no pleno funcionamento da sala de autoatendimento, com abastecimento de numer\u00e1rio e processamento de dep\u00f3sitos. O [&hellip;]<\/p>\n","protected":false},"author":2,"featured_media":8498,"comment_status":"","ping_status":"","sticky":false,"template":"","format":"standard","meta":{"footnotes":""},"categories":[3],"tags":[],"class_list":["post-8499","post","type-post","status-publish","format-standard","has-post-thumbnail","hentry","category-noticias"],"_links":{"self":[{"href":"https:\/\/hostnetart.com.br\/baixada\/wp-json\/wp\/v2\/posts\/8499","targetHints":{"allow":["GET"]}}],"collection":[{"href":"https:\/\/hostnetart.com.br\/baixada\/wp-json\/wp\/v2\/posts"}],"about":[{"href":"https:\/\/hostnetart.com.br\/baixada\/wp-json\/wp\/v2\/types\/post"}],"author":[{"embeddable":true,"href":"https:\/\/hostnetart.com.br\/baixada\/wp-json\/wp\/v2\/users\/2"}],"replies":[{"embeddable":true,"href":"https:\/\/hostnetart.com.br\/baixada\/wp-json\/wp\/v2\/comments?post=8499"}],"version-history":[{"count":0,"href":"https:\/\/hostnetart.com.br\/baixada\/wp-json\/wp\/v2\/posts\/8499\/revisions"}],"wp:featuredmedia":[{"embeddable":true,"href":"https:\/\/hostnetart.com.br\/baixada\/wp-json\/wp\/v2\/media\/8498"}],"wp:attachment":[{"href":"https:\/\/hostnetart.com.br\/baixada\/wp-json\/wp\/v2\/media?parent=8499"}],"wp:term":[{"taxonomy":"category","embeddable":true,"href":"https:\/\/hostnetart.com.br\/baixada\/wp-json\/wp\/v2\/categories?post=8499"},{"taxonomy":"post_tag","embeddable":true,"href":"https:\/\/hostnetart.com.br\/baixada\/wp-json\/wp\/v2\/tags?post=8499"}],"curies":[{"name":"wp","href":"https:\/\/api.w.org\/{rel}","templated":true}]}}