{"id":8497,"date":"2020-03-23T14:34:23","date_gmt":"2020-03-23T17:34:23","guid":{"rendered":"https:\/\/hostnetart.com.br\/baixada\/itau-vai-pagar-decimo-terceiro-integral-a-todos-os-funcionarios\/"},"modified":"2020-03-23T14:34:23","modified_gmt":"2020-03-23T17:34:23","slug":"itau-vai-pagar-decimo-terceiro-integral-a-todos-os-funcionarios","status":"publish","type":"post","link":"https:\/\/hostnetart.com.br\/baixada\/itau-vai-pagar-decimo-terceiro-integral-a-todos-os-funcionarios\/","title":{"rendered":"Ita\u00fa vai pagar d\u00e9cimo terceiro integral a todos os funcion\u00e1rios"},"content":{"rendered":"<p>Depois de reuni\u00e3o do comit\u00ea executivo, o banco Ita\u00fa Unibanco anunciou, na noite de sexta-feira (19), que ir\u00e1 antecipar o d\u00e9cimo terceiro integral a todos os funcion\u00e1rios. O pagamento ser\u00e1 efetuado at\u00e9 o dia 27 de abril.<\/p>\n<p><strong>Fonte: Contraf-CUT<\/strong><\/p>\n","protected":false},"excerpt":{"rendered":"<p>Depois de reuni\u00e3o do comit\u00ea executivo, o banco Ita\u00fa Unibanco anunciou, na noite de sexta-feira (19), que ir\u00e1 antecipar o d\u00e9cimo terceiro integral a todos os funcion\u00e1rios. O pagamento ser\u00e1 efetuado at\u00e9 o dia 27 de abril. Fonte: Contraf-CUT<\/p>\n","protected":false},"author":2,"featured_media":8496,"comment_status":"","ping_status":"","sticky":false,"template":"","format":"standard","meta":{"footnotes":""},"categories":[3],"tags":[],"class_list":["post-8497","post","type-post","status-publish","format-standard","has-post-thumbnail","hentry","category-noticias"],"_links":{"self":[{"href":"https:\/\/hostnetart.com.br\/baixada\/wp-json\/wp\/v2\/posts\/8497","targetHints":{"allow":["GET"]}}],"collection":[{"href":"https:\/\/hostnetart.com.br\/baixada\/wp-json\/wp\/v2\/posts"}],"about":[{"href":"https:\/\/hostnetart.com.br\/baixada\/wp-json\/wp\/v2\/types\/post"}],"author":[{"embeddable":true,"href":"https:\/\/hostnetart.com.br\/baixada\/wp-json\/wp\/v2\/users\/2"}],"replies":[{"embeddable":true,"href":"https:\/\/hostnetart.com.br\/baixada\/wp-json\/wp\/v2\/comments?post=8497"}],"version-history":[{"count":0,"href":"https:\/\/hostnetart.com.br\/baixada\/wp-json\/wp\/v2\/posts\/8497\/revisions"}],"wp:featuredmedia":[{"embeddable":true,"href":"https:\/\/hostnetart.com.br\/baixada\/wp-json\/wp\/v2\/media\/8496"}],"wp:attachment":[{"href":"https:\/\/hostnetart.com.br\/baixada\/wp-json\/wp\/v2\/media?parent=8497"}],"wp:term":[{"taxonomy":"category","embeddable":true,"href":"https:\/\/hostnetart.com.br\/baixada\/wp-json\/wp\/v2\/categories?post=8497"},{"taxonomy":"post_tag","embeddable":true,"href":"https:\/\/hostnetart.com.br\/baixada\/wp-json\/wp\/v2\/tags?post=8497"}],"curies":[{"name":"wp","href":"https:\/\/api.w.org\/{rel}","templated":true}]}}