{"id":8495,"date":"2020-03-22T10:25:06","date_gmt":"2020-03-22T13:25:06","guid":{"rendered":"https:\/\/hostnetart.com.br\/baixada\/comando-nacional-dos-bancarios-se-reune-com-a-fenaban-nesta-segunda-feira-23\/"},"modified":"2020-03-22T10:25:06","modified_gmt":"2020-03-22T13:25:06","slug":"comando-nacional-dos-bancarios-se-reune-com-a-fenaban-nesta-segunda-feira-23","status":"publish","type":"post","link":"https:\/\/hostnetart.com.br\/baixada\/comando-nacional-dos-bancarios-se-reune-com-a-fenaban-nesta-segunda-feira-23\/","title":{"rendered":"Comando Nacional dos Banc\u00e1rios se re\u00fane com a Fenaban nesta segunda-feira (23)"},"content":{"rendered":"<p>O Comando Nacional dos Banc\u00e1rios e a Federa\u00e7\u00e3o Nacional dos Bancos (Fenaban) se re\u00fanem por videoconfer\u00eancia, na manh\u00e3 de segunda-feira (23), para tratar sobre as atividades da categoria nos estabelecimentos banc\u00e1rios e as medidas a serem tomadas diante da pandemia causada pelo novo coronav\u00edrus (COVID-19).<\/p>\n<p>O Comando Nacional vai expor sua preocupa\u00e7\u00e3o com os banc\u00e1rios pelo fato de as ag\u00eancias banc\u00e1rias permanecerem lotadas nos \u00faltimos dias. Juvandia Moreira, coordenadora do Comando e presidente da Confedera\u00e7\u00e3o Nacional dos Trabalhadores do Ramo Financeiro (Contraf-CUT), lembra que o decreto editado pelo Governo Federal limita a atua\u00e7\u00e3o dos governos estaduais e dos prefeitos, em rela\u00e7\u00e3o as atividades comerciais, que vinham sendo proibidas de abrir as portas em muitas regi\u00f5es. \u201cNa pr\u00f3xima quarta-feira, dia 25, tem pagamento dos aposentados, que tradicionalmente \u00e9 um dos dias de maior movimento. A omiss\u00e3o do governo nesta crise \u00e9 refletida nas ag\u00eancias lotadas durante toda a semana. As pessoas ainda n\u00e3o tomaram consci\u00eancia de que precisam ficar em casa. Por isso, reivindicamos que o atendimento banc\u00e1rio nas ag\u00eancias seja limitado \u00fanica e exclusivamente aos servi\u00e7os necess\u00e1rios, com contingenciamento de pessoas.\u201d<\/p>\n<p>Entre as atividades consideradas essenciais das institui\u00e7\u00f5es financeiras, est\u00e3o a compensa\u00e7\u00e3o banc\u00e1ria, a redes de cart\u00f5es de cr\u00e9dito e d\u00e9bito, os caixas banc\u00e1rios eletr\u00f4nicos e outros servi\u00e7os n\u00e3o presenciais. \u201cJ\u00e1 que o governo n\u00e3o faz sua parte, n\u00f3s precisamos fazer a nossa, para proteger a sa\u00fade dos trabalhadores, que est\u00e3o se arriscando por toda a popula\u00e7\u00e3o\u201d, completou.<\/p>\n<p><strong>Fonte: Contraf-CUT<\/strong><\/p>\n","protected":false},"excerpt":{"rendered":"<p>O Comando Nacional dos Banc\u00e1rios e a Federa\u00e7\u00e3o Nacional dos Bancos (Fenaban) se re\u00fanem por videoconfer\u00eancia, na manh\u00e3 de segunda-feira (23), para tratar sobre as atividades da categoria nos estabelecimentos banc\u00e1rios e as medidas a serem tomadas diante da pandemia causada pelo novo coronav\u00edrus (COVID-19). O Comando Nacional vai expor sua preocupa\u00e7\u00e3o com os banc\u00e1rios [&hellip;]<\/p>\n","protected":false},"author":2,"featured_media":8494,"comment_status":"","ping_status":"","sticky":false,"template":"","format":"standard","meta":{"footnotes":""},"categories":[3],"tags":[],"class_list":["post-8495","post","type-post","status-publish","format-standard","has-post-thumbnail","hentry","category-noticias"],"_links":{"self":[{"href":"https:\/\/hostnetart.com.br\/baixada\/wp-json\/wp\/v2\/posts\/8495","targetHints":{"allow":["GET"]}}],"collection":[{"href":"https:\/\/hostnetart.com.br\/baixada\/wp-json\/wp\/v2\/posts"}],"about":[{"href":"https:\/\/hostnetart.com.br\/baixada\/wp-json\/wp\/v2\/types\/post"}],"author":[{"embeddable":true,"href":"https:\/\/hostnetart.com.br\/baixada\/wp-json\/wp\/v2\/users\/2"}],"replies":[{"embeddable":true,"href":"https:\/\/hostnetart.com.br\/baixada\/wp-json\/wp\/v2\/comments?post=8495"}],"version-history":[{"count":0,"href":"https:\/\/hostnetart.com.br\/baixada\/wp-json\/wp\/v2\/posts\/8495\/revisions"}],"wp:featuredmedia":[{"embeddable":true,"href":"https:\/\/hostnetart.com.br\/baixada\/wp-json\/wp\/v2\/media\/8494"}],"wp:attachment":[{"href":"https:\/\/hostnetart.com.br\/baixada\/wp-json\/wp\/v2\/media?parent=8495"}],"wp:term":[{"taxonomy":"category","embeddable":true,"href":"https:\/\/hostnetart.com.br\/baixada\/wp-json\/wp\/v2\/categories?post=8495"},{"taxonomy":"post_tag","embeddable":true,"href":"https:\/\/hostnetart.com.br\/baixada\/wp-json\/wp\/v2\/tags?post=8495"}],"curies":[{"name":"wp","href":"https:\/\/api.w.org\/{rel}","templated":true}]}}