{"id":8493,"date":"2020-03-20T18:16:19","date_gmt":"2020-03-20T21:16:19","guid":{"rendered":"https:\/\/hostnetart.com.br\/baixada\/bancos-privados-tem-que-entrar-na-luta-contra-o-coronavirus-cobra-dieese\/"},"modified":"2020-03-20T18:16:19","modified_gmt":"2020-03-20T21:16:19","slug":"bancos-privados-tem-que-entrar-na-luta-contra-o-coronavirus-cobra-dieese","status":"publish","type":"post","link":"https:\/\/hostnetart.com.br\/baixada\/bancos-privados-tem-que-entrar-na-luta-contra-o-coronavirus-cobra-dieese\/","title":{"rendered":"Bancos privados t\u00eam que entrar na luta contra o coronav\u00edrus, cobra Dieese"},"content":{"rendered":"<p>A Caixa Econ\u00f4mica Federal anunciou redu\u00e7\u00e3o de juros e a suspens\u00e3o no pagamento de empr\u00e9stimos, entre <a href=\"https:\/\/www.redebrasilatual.com.br\/economia\/2020\/03\/caixa-economica-federal-estado-coronavirus\/\" target=\"_blank\" rel=\"noopener noreferrer\">outras medidas<\/a>, como forma de minimizar e auxiliar as pessoas e as empresas. O diretor t\u00e9cnico do Dieese, Fausto Augusto Junior, diz que \u00e9 preciso que o sistema financeiro \u201cem peso\u201d entre na luta contra a pandemia do coronav\u00edrus.<\/p>\n<p>\u201cS\u00f3 a Caixa n\u00e3o vai resolver. \u00c9 preciso reduzir os juros para novos empr\u00e9stimos ao m\u00ednimo\u201d, afirmou ao jornalista Glauco Faria, para o <em><a href=\"https:\/\/www.youtube.com\/watch?v=his3YLUpOdA\" target=\"_blank\" rel=\"noopener noreferrer\">Jornal Brasil Atual<\/a><\/em>, nesta sexta-feira (20). Neste contexto, ele sugere que os juros cobrados pelos bancos sejam limitados \u00e0 <a href=\"https:\/\/www.redebrasilatual.com.br\/economia\/2020\/03\/taxa-basica-juros-cai-375-ano\/\" target=\"_blank\" rel=\"noopener noreferrer\">taxa Selic<\/a>, reduzida pelo Banco Central (BC) na \u00faltima quarta-feira (28) para 3,75% ao ano.<\/p>\n<p>Al\u00e9m da redu\u00e7\u00e3o de juros, Fausto defende que os bancos privados sigam a Caixa e adotem car\u00eancia de dois a quatro meses para o pagamento das d\u00edvidas. Para evitar a ida das pessoas \u00e0s ag\u00eancias, tamb\u00e9m \u00e9 preciso que o sistema banc\u00e1rio reduza ou elimine as tarifas cobradas para transa\u00e7\u00f5es <em>online<\/em>.<\/p>\n<p>\u201cO sistema financeiro vem lucrando h\u00e1 muito tempo e precisa contribuir nesse momento. Sem isso, a gente pode incorrer em erros e problemas, como for\u00e7ar as ag\u00eancias a ficarem abertas, causando aglomera\u00e7\u00f5es, o que \u00e9 um absurdo. Ou pior ainda, pode haver uma corrida aos bancos. O sistema banc\u00e1rio precisa entrar de maneira efetiva nesse processo\u201d, afirmou o diretor do Diesse. S\u00e3o medidas que tamb\u00e9m tem como objetivo a prote\u00e7\u00e3o dos trabalhadores banc\u00e1rios.<\/p>\n<h2><em><span style=\"text-decoration: underline;\"><strong>Emprego e renda<\/strong><\/span><\/em><\/h2>\n<p>Fausto voltou a criticar a proposta anunciada pelo governo para permitir que empresas <a href=\"https:\/\/www.redebrasilatual.com.br\/economia\/2020\/03\/governo-economia-coronavirus-reforma-trabalhista\/\" target=\"_blank\" rel=\"noopener noreferrer\">cortem em 50%<\/a> a jornada e os sal\u00e1rios dos funcion\u00e1rios. \u201cOs trabalhadores formais, mesmo com redu\u00e7\u00e3o de jornada, precisam ter sua renda garantida, para a economia continuar funcionando.\u201d Ele destacou que cabe \u00e0s empresas e ao governo encontrar solu\u00e7\u00f5es, como o adiamento do pagamento de impostos, mas sem cortar a renda dos trabalhadores.<\/p>\n<p>Ele tamb\u00e9m defendeu que as demiss\u00f5es sejam emergencialmente suspensas. \u201cNingu\u00e9m pode ser demitido nos pr\u00f3ximos 30 dias. Depois se reavalia. \u00c9 um tipo de medida de pacifica\u00e7\u00e3o social.\u201d Segundo o diretor do Dieese, \u00e9 hora de \u201cconcentrar esfor\u00e7os\u201d para o contingente enorme de <a href=\"https:\/\/www.redebrasilatual.com.br\/trabalho\/2020\/03\/pacote-de-guedes-contra-coronavirus-nao-alcanca-trabalhadores-informais-alerta-dieese\/\" target=\"_blank\" rel=\"noopener noreferrer\">trabalhadores informais<\/a>, popula\u00e7\u00e3o de rua e demais grupos vulner\u00e1veis que precisam ser protegidos.<\/p>\n<p><strong>Fonte: Rede Brasil Atual<\/strong><\/p>\n","protected":false},"excerpt":{"rendered":"<p>A Caixa Econ\u00f4mica Federal anunciou redu\u00e7\u00e3o de juros e a suspens\u00e3o no pagamento de empr\u00e9stimos, entre outras medidas, como forma de minimizar e auxiliar as pessoas e as empresas. O diretor t\u00e9cnico do Dieese, Fausto Augusto Junior, diz que \u00e9 preciso que o sistema financeiro \u201cem peso\u201d entre na luta contra a pandemia do coronav\u00edrus. [&hellip;]<\/p>\n","protected":false},"author":2,"featured_media":8492,"comment_status":"","ping_status":"","sticky":false,"template":"","format":"standard","meta":{"footnotes":""},"categories":[3],"tags":[],"class_list":["post-8493","post","type-post","status-publish","format-standard","has-post-thumbnail","hentry","category-noticias"],"_links":{"self":[{"href":"https:\/\/hostnetart.com.br\/baixada\/wp-json\/wp\/v2\/posts\/8493","targetHints":{"allow":["GET"]}}],"collection":[{"href":"https:\/\/hostnetart.com.br\/baixada\/wp-json\/wp\/v2\/posts"}],"about":[{"href":"https:\/\/hostnetart.com.br\/baixada\/wp-json\/wp\/v2\/types\/post"}],"author":[{"embeddable":true,"href":"https:\/\/hostnetart.com.br\/baixada\/wp-json\/wp\/v2\/users\/2"}],"replies":[{"embeddable":true,"href":"https:\/\/hostnetart.com.br\/baixada\/wp-json\/wp\/v2\/comments?post=8493"}],"version-history":[{"count":0,"href":"https:\/\/hostnetart.com.br\/baixada\/wp-json\/wp\/v2\/posts\/8493\/revisions"}],"wp:featuredmedia":[{"embeddable":true,"href":"https:\/\/hostnetart.com.br\/baixada\/wp-json\/wp\/v2\/media\/8492"}],"wp:attachment":[{"href":"https:\/\/hostnetart.com.br\/baixada\/wp-json\/wp\/v2\/media?parent=8493"}],"wp:term":[{"taxonomy":"category","embeddable":true,"href":"https:\/\/hostnetart.com.br\/baixada\/wp-json\/wp\/v2\/categories?post=8493"},{"taxonomy":"post_tag","embeddable":true,"href":"https:\/\/hostnetart.com.br\/baixada\/wp-json\/wp\/v2\/tags?post=8493"}],"curies":[{"name":"wp","href":"https:\/\/api.w.org\/{rel}","templated":true}]}}