{"id":8491,"date":"2020-03-20T18:15:09","date_gmt":"2020-03-20T21:15:09","guid":{"rendered":"https:\/\/hostnetart.com.br\/baixada\/contraf-cut-reivindica-representante-do-movimento-sindical-no-comite-de-crise-da-caixa\/"},"modified":"2020-03-20T18:15:09","modified_gmt":"2020-03-20T21:15:09","slug":"contraf-cut-reivindica-representante-do-movimento-sindical-no-comite-de-crise-da-caixa","status":"publish","type":"post","link":"https:\/\/hostnetart.com.br\/baixada\/contraf-cut-reivindica-representante-do-movimento-sindical-no-comite-de-crise-da-caixa\/","title":{"rendered":"Contraf-CUT reivindica representante do movimento sindical no Comit\u00ea de crise da Caixa"},"content":{"rendered":"<div class=\"elementor-element elementor-element-194680ec elementor-widget elementor-widget-theme-post-content\" data-id=\"194680ec\" data-element_type=\"widget\" data-widget_type=\"theme-post-content.default\">\n<div class=\"elementor-widget-container\">\n<p>Desde a <a href=\"https:\/\/contrafcut.com.br\/noticias\/comando-nacional-dos-bancarios-solicita-informacoes-a-fenaban-sobre-coronavirus\/\" target=\"_blank\" rel=\"noopener noreferrer\">semana passada, o Comando Nacional dos Banc\u00e1rios tem cobrado<\/a> diretamente da a Federa\u00e7\u00e3o Nacional dos Bancos (Fenaban), o <a href=\"https:\/\/contrafcut.com.br\/noticias\/coronavirus-contraf-cut-cobra-atitude-do-banco-central\/\" target=\"_blank\" rel=\"noopener noreferrer\">Banco Central<\/a> e as dire\u00e7\u00f5es dos bancos, medidas para proteger a sa\u00fade de banc\u00e1rios e clientes durante a <a href=\"https:\/\/contrafcut.com.br\/coronavirus\/\" target=\"_blank\" rel=\"noopener noreferrer\">pandemia de coronav\u00edrus<\/a>. Parte das cobran\u00e7as foram atendidas pela Caixa, mas ainda s\u00e3o insuficientes.<\/p>\n<p>Por isso, na noite desta quinta-feira (19), a Confedera\u00e7\u00e3o Nacional dos Trabalhadores do Ramo Financeiro (Contraf-CUT), atrav\u00e9s da Comiss\u00e3o Executiva dos Empregados da Caixa Econ\u00f4mica Federal \u2013(CEE\/Caixa), enviou um of\u00edcio \u00e0 dire\u00e7\u00e3o do banco para reivindicar a participa\u00e7\u00e3o de um representante do movimento sindical no <a href=\"https:\/\/contrafcut.com.br\/noticias\/coronavirus-comando-nacional-cria-comite-de-crise-com-bancos\/\" target=\"_blank\" rel=\"noopener noreferrer\">comit\u00ea de crise<\/a> que acompanha essas medidas preventivas frente \u00e0 pandemia do Coronav\u00edrus (COVID -19). O objetivo \u00e9 contribuir para maior efetividade e com foco direcionado \u00e0 aten\u00e7\u00e3o \u00e0s empregadas e aos empregados, bem como aos clientes e aos usu\u00e1rios da Caixa.<\/p>\n<p>O pedido foi motivado pelo volume expressivo de queixas das empregadas e dos empregados da Caixa quanto \u00e0s defici\u00eancias na implementa\u00e7\u00e3o dessas medidas preventivas. As den\u00fancias d\u00e3o conta do n\u00e3o atendimento pleno das medidas preventivas negociadas. H\u00e1 casos de empregados que se enquadram nos grupos de risco ao cont\u00e1gio e que continuam no exerc\u00edcio de sua fun\u00e7\u00e3o no mesmo ambiente, dentre outros casos relatos igualmente graves.<\/p>\n<p>\u201cH\u00e1 de se destacar que determinadas decis\u00f5es sobre a preven\u00e7\u00e3o ao COVID-19, veiculadas em comunica\u00e7\u00f5es internas, est\u00e3o sendo atribu\u00eddas aos gestores das unidades, mesmo a compra de \u00e1lcool em gel e material de limpeza, o que deveria ser operado por \u00e1rea pr\u00f3pria e com mais efici\u00eancia\u201d, afirmou o coordenador da CEE, Dion\u00edsio Reis.<\/p>\n<p>Para agravar a situa\u00e7\u00e3o, o coordenador classifica como irrespons\u00e1vel o an\u00fancio do Minist\u00e9rio da Economia, de medidas que levaram a uma verdadeira corrida \u00e0s ag\u00eancias, um maior fluxo de circula\u00e7\u00e3o de pessoas nas depend\u00eancias da rede de atendimento foi gerado, o que justifica as necess\u00e1rias a\u00e7\u00f5es preventivas \u00e0 pandemia de COVID-19.<\/p>\n<p>\u201cNesse per\u00edodo, reconhecidamente de tens\u00e3o e de redu\u00e7\u00e3o de opera\u00e7\u00f5es, \u00e9 descabida a cobran\u00e7a de resultados por metas dos empregados, fato esse, que dever cessado junto \u00e0s superintend\u00eancias regionais do banco\u201d, completou.<\/p>\n<h3>Grupo de risco<\/h3>\n<p>Depois da cobran\u00e7a do movimento sindical, a Caixa determinou que empregados do grupo de risco devem se afastar do trabalho. N\u00e3o \u00e9 mais uma decis\u00e3o da chefia. <\/p>\n<p>\u201cO fato da decis\u00e3o n\u00e3o ficar nas m\u00e3os do gestor \u00e9 um avan\u00e7o, uma vez que protege o trabalhador do grupo de risco e tamb\u00e9m o gestor, que n\u00e3o fica com uma decis\u00e3o de tamanha import\u00e2ncia e responsabilidade nas suas costas. Por\u00e9m, vemos como um bloqueio muito grave para a prote\u00e7\u00e3o dos trabalhadores em grupo de risco a exig\u00eancia de relat\u00f3rio m\u00e9dico, uma vez que essa exig\u00eancia pode fazer com que ele v\u00e1 at\u00e9 unidades de sa\u00fade e acabe por se contaminar. Cobramos que a Caixa aceite uma autodeclara\u00e7\u00e3o do empregado com prazo de 30 dias para comprova\u00e7\u00e3o m\u00e9dica\u201d, diz Dion\u00edsio.<\/p>\n<h3>Casos confirmados e suspeitos<\/h3>\n<p>Em caso de suspeita ou confirma\u00e7\u00e3o por coronav\u00edrus, com atestado [B 34.2 e B 97.2], aciona-se o protocolo. Antes da cobran\u00e7a, o protocolo era acionado apenas em casos de confirma\u00e7\u00e3o. Ent\u00e3o, com o exame ficando pronto entre 4 e 7 dias, o tempo de exposi\u00e7\u00e3o de banc\u00e1rios e clientes ao v\u00edrus era maior. <\/p>\n<p>O protocolo para casos suspeitos e confirmados determina: afastamento imediato do empregado; notifica\u00e7\u00e3o da \u00e1rea de pessoas e superior hier\u00e1rquico, avaliando as provid\u00eancias necess\u00e1rias para fechamento da unidade e direcionamento da equipe para projeto remoto; comunicar a equipe; quarentena inicial de 5 dias, podendo se estender para 14 dias,; libera\u00e7\u00e3o de toda a equipe para projeto remoto; utiliza\u00e7\u00e3o de notebook Caixa ou, se o empregado n\u00e3o possuir, \u00e9 permitido uso de equipamento pessoal; agendamento com a log\u00edstica da higieniza\u00e7\u00e3o da unidade. <\/p>\n<p>J\u00e1 para os casos em que empregados possuam sintomas, mas sem atestado, fica determinado: afastar ou priorizar no projeto remoto empregados gripados, tossindo, com coriza, febre ou dor de garganta, juntamente com o grupo de risco.<\/p>\n<h3>Licen\u00e7a pr\u00eamio<\/h3>\n<p>A dire\u00e7\u00e3o da Caixa tamb\u00e9m liberou a utiliza\u00e7\u00e3o da licen\u00e7a-pr\u00eamio, al\u00e9m da APIP e antecipa\u00e7\u00e3o de f\u00e9rias, para afastamento de empregados.<\/p>\n<h3>Subnotifica\u00e7\u00e3o<\/h3>\n<p>Parte dos empregados que procuraram o m\u00e9dico foram diagnosticados clinicamente com coronav\u00edrus, mas no atestado \u00e9 informada crise respirat\u00f3ria grave, encaminhando o trabalhador para quarentena de 14 dias. O Sindicato cobra que nesses casos tamb\u00e9m sejam acionado o mesmo protocolo dos atestados B 34.2 e B 97.2, com fechamento e higieniza\u00e7\u00e3o da ag\u00eancia; todos os empregados em quarentena m\u00ednima de 5 dias, extensiva por mais 14 dias; e a ag\u00eancia s\u00f3 pode abrir com outra equipe.<\/p>\n<p>\u201cNesses casos de suspeita, o protocolo s\u00f3 est\u00e1 sendo adotado quando o Sindicato vai at\u00e9 a ag\u00eancia, mas \u00e9 necess\u00e1rio que seja estabelecido como procedimento padr\u00e3o\u201d, avalia Dion\u00edsio.<\/p>\n<h3>Atingidos por medidas restritivas<\/h3>\n<p>O Comando Nacional tamb\u00e9m cobra da Caixa o afastamento de empregados atingidos por medidas restritivas como, por exemplo, pais e m\u00e3es cuja a escola dos filhos est\u00e1 fechada.<\/p>\n<h3>Insumos<\/h3>\n<p>O coordenador da CEE\/Caixa denuncia que, ao inv\u00e9s de centralizar a compra, a dire\u00e7\u00e3o da Caixa colocou sob responsabilidade dos gestores a dota\u00e7\u00e3o para compra de insumos como, por exemplo, \u00e1lcool gel. \u201cA Caixa, enquanto uma empresa continental, deveria centralizar essa compra e providencias a distribui\u00e7\u00e3o, uma vez que existe grande dificuldade para encontrar estes produtos\u201d, avalia.<\/p>\n<h3>Metas<\/h3>\n<p>Uma das principais cobran\u00e7as \u00e9 que a dire\u00e7\u00e3o da Caixa suspenda as cobran\u00e7as por metas durante a crise sanit\u00e1ria do coronav\u00edrus. <\/p>\n<p>\u201cJ\u00e1 tivemos denunciais de link de superintendente, de SEV, Dia D e planilha de cobran\u00e7a de produtividade durante esse processo de enfrentamento ao coronav\u00edrus. Cobramos o fim da cobran\u00e7a de metas nesse per\u00edodo de crise\u201d, enfatiza Dion\u00edsio.<\/p>\n<h3>Contigenciamento<\/h3>\n<p>A Caixa divulgou que o acesso \u00e0s ag\u00eancias ser\u00e1 controlado, antecipando a abertura em uma hora de algumas unidades selecionadas para atendimento de clientes em grupo de risco. A ag\u00eancia s\u00f3 poder\u00e1 ser ocupada at\u00e9 a metade dos assentos dispon\u00edveis, de forma que se mantenha pelo menos um metro de dist\u00e2ncia entre as pessoas. Empregados, utilizando m\u00e1scaras e luvas, gerenciar\u00e3o o fluxo de clientes ao lado de fora das ag\u00eancias, evitando aglomera\u00e7\u00f5es. A entrada na \u00e1rea de autoatendimento ser\u00e1 limitada a um cliente por m\u00e1quina. <\/p>\n<p>\u201cOs Sindicatos de todo o Brasil est\u00e3o tomando todas as medidas no sentido de pressionar a Caixa, e os demais bancos, para que tomem todas as provid\u00eancias para prote\u00e7\u00e3o de clientes e banc\u00e1rios. Pedimos que os empregados nos mantenham informados e diante de qualquer dificuldade ou inseguran\u00e7a no local de trabalho entrem em contado contem conosco\u201d, conclui Dion\u00edsio.<\/p>\n<h3><strong>Fique informado<\/strong><\/h3>\n<p>Acompanhe na\u00a0<a href=\"https:\/\/contrafcut.com.br\/coronavirus\/\">p\u00e1gina espec\u00edfica do site da Contraf-CUT<\/a>\u00a0a atualiza\u00e7\u00e3o das not\u00edcias sobre coronav\u00edrus que estejam relacionadas ao setor financeiro.<\/p>\n<p><strong>Fonte: Contraf-CUT<\/strong><\/p>\n<\/div>\n<\/div>\n","protected":false},"excerpt":{"rendered":"<p>Desde a semana passada, o Comando Nacional dos Banc\u00e1rios tem cobrado diretamente da a Federa\u00e7\u00e3o Nacional dos Bancos (Fenaban), o Banco Central e as dire\u00e7\u00f5es dos bancos, medidas para proteger a sa\u00fade de banc\u00e1rios e clientes durante a pandemia de coronav\u00edrus. Parte das cobran\u00e7as foram atendidas pela Caixa, mas ainda s\u00e3o insuficientes. Por isso, na [&hellip;]<\/p>\n","protected":false},"author":2,"featured_media":8490,"comment_status":"","ping_status":"","sticky":false,"template":"","format":"standard","meta":{"footnotes":""},"categories":[3],"tags":[],"class_list":["post-8491","post","type-post","status-publish","format-standard","has-post-thumbnail","hentry","category-noticias"],"_links":{"self":[{"href":"https:\/\/hostnetart.com.br\/baixada\/wp-json\/wp\/v2\/posts\/8491","targetHints":{"allow":["GET"]}}],"collection":[{"href":"https:\/\/hostnetart.com.br\/baixada\/wp-json\/wp\/v2\/posts"}],"about":[{"href":"https:\/\/hostnetart.com.br\/baixada\/wp-json\/wp\/v2\/types\/post"}],"author":[{"embeddable":true,"href":"https:\/\/hostnetart.com.br\/baixada\/wp-json\/wp\/v2\/users\/2"}],"replies":[{"embeddable":true,"href":"https:\/\/hostnetart.com.br\/baixada\/wp-json\/wp\/v2\/comments?post=8491"}],"version-history":[{"count":0,"href":"https:\/\/hostnetart.com.br\/baixada\/wp-json\/wp\/v2\/posts\/8491\/revisions"}],"wp:featuredmedia":[{"embeddable":true,"href":"https:\/\/hostnetart.com.br\/baixada\/wp-json\/wp\/v2\/media\/8490"}],"wp:attachment":[{"href":"https:\/\/hostnetart.com.br\/baixada\/wp-json\/wp\/v2\/media?parent=8491"}],"wp:term":[{"taxonomy":"category","embeddable":true,"href":"https:\/\/hostnetart.com.br\/baixada\/wp-json\/wp\/v2\/categories?post=8491"},{"taxonomy":"post_tag","embeddable":true,"href":"https:\/\/hostnetart.com.br\/baixada\/wp-json\/wp\/v2\/tags?post=8491"}],"curies":[{"name":"wp","href":"https:\/\/api.w.org\/{rel}","templated":true}]}}