{"id":8489,"date":"2020-03-20T18:13:31","date_gmt":"2020-03-20T21:13:31","guid":{"rendered":"https:\/\/hostnetart.com.br\/baixada\/podcast-aborda-reivindicacoes-dos-bancarios-para-prevencao-ao-covid-19\/"},"modified":"2020-03-20T18:13:31","modified_gmt":"2020-03-20T21:13:31","slug":"podcast-aborda-reivindicacoes-dos-bancarios-para-prevencao-ao-covid-19","status":"publish","type":"post","link":"https:\/\/hostnetart.com.br\/baixada\/podcast-aborda-reivindicacoes-dos-bancarios-para-prevencao-ao-covid-19\/","title":{"rendered":"Podcast aborda reivindica\u00e7\u00f5es dos banc\u00e1rios para preven\u00e7\u00e3o ao Covid-19"},"content":{"rendered":"<div class=\"elementor-element elementor-element-194680ec elementor-widget elementor-widget-theme-post-content\" data-id=\"194680ec\" data-element_type=\"widget\" data-widget_type=\"theme-post-content.default\">\n<div class=\"elementor-widget-container\">\n<p>O Podcast da Contraf-CUT desta semana n\u00e3o poderia abordar outro tema, sen\u00e3o a pandemia do coronav\u00edrus (Covid19). Juvandia Moreira, coordenadora do Comando Nacional dos Banc\u00e1rios e presidenta da Confedera\u00e7\u00e3o Nacional dos Trabalhadores do Ramo Financeiro (Contraf-CUT) fala sobre as reivindica\u00e7\u00f5es que foram passadas \u00e0 Federa\u00e7\u00e3o Nacional dos Bancos (Fenaban) com as medidas a serem tomadas para evitar a prolifera\u00e7\u00e3o da doen\u00e7a.<\/p>\n<p><strong>Fonte: Contraf-CUT<\/strong><\/p>\n<\/div>\n<\/div>\n","protected":false},"excerpt":{"rendered":"<p>O Podcast da Contraf-CUT desta semana n\u00e3o poderia abordar outro tema, sen\u00e3o a pandemia do coronav\u00edrus (Covid19). Juvandia Moreira, coordenadora do Comando Nacional dos Banc\u00e1rios e presidenta da Confedera\u00e7\u00e3o Nacional dos Trabalhadores do Ramo Financeiro (Contraf-CUT) fala sobre as reivindica\u00e7\u00f5es que foram passadas \u00e0 Federa\u00e7\u00e3o Nacional dos Bancos (Fenaban) com as medidas a serem tomadas [&hellip;]<\/p>\n","protected":false},"author":2,"featured_media":8488,"comment_status":"","ping_status":"","sticky":false,"template":"","format":"standard","meta":{"footnotes":""},"categories":[3],"tags":[],"class_list":["post-8489","post","type-post","status-publish","format-standard","has-post-thumbnail","hentry","category-noticias"],"_links":{"self":[{"href":"https:\/\/hostnetart.com.br\/baixada\/wp-json\/wp\/v2\/posts\/8489","targetHints":{"allow":["GET"]}}],"collection":[{"href":"https:\/\/hostnetart.com.br\/baixada\/wp-json\/wp\/v2\/posts"}],"about":[{"href":"https:\/\/hostnetart.com.br\/baixada\/wp-json\/wp\/v2\/types\/post"}],"author":[{"embeddable":true,"href":"https:\/\/hostnetart.com.br\/baixada\/wp-json\/wp\/v2\/users\/2"}],"replies":[{"embeddable":true,"href":"https:\/\/hostnetart.com.br\/baixada\/wp-json\/wp\/v2\/comments?post=8489"}],"version-history":[{"count":0,"href":"https:\/\/hostnetart.com.br\/baixada\/wp-json\/wp\/v2\/posts\/8489\/revisions"}],"wp:featuredmedia":[{"embeddable":true,"href":"https:\/\/hostnetart.com.br\/baixada\/wp-json\/wp\/v2\/media\/8488"}],"wp:attachment":[{"href":"https:\/\/hostnetart.com.br\/baixada\/wp-json\/wp\/v2\/media?parent=8489"}],"wp:term":[{"taxonomy":"category","embeddable":true,"href":"https:\/\/hostnetart.com.br\/baixada\/wp-json\/wp\/v2\/categories?post=8489"},{"taxonomy":"post_tag","embeddable":true,"href":"https:\/\/hostnetart.com.br\/baixada\/wp-json\/wp\/v2\/tags?post=8489"}],"curies":[{"name":"wp","href":"https:\/\/api.w.org\/{rel}","templated":true}]}}