{"id":8487,"date":"2020-03-20T18:12:00","date_gmt":"2020-03-20T21:12:00","guid":{"rendered":"https:\/\/hostnetart.com.br\/baixada\/santander-e-itau-demitem-bancarios-em-plena-crise-do-coronavirus\/"},"modified":"2020-03-20T18:12:00","modified_gmt":"2020-03-20T21:12:00","slug":"santander-e-itau-demitem-bancarios-em-plena-crise-do-coronavirus","status":"publish","type":"post","link":"https:\/\/hostnetart.com.br\/baixada\/santander-e-itau-demitem-bancarios-em-plena-crise-do-coronavirus\/","title":{"rendered":"Santander e Ita\u00fa demitem banc\u00e1rios em plena crise do coronav\u00edrus"},"content":{"rendered":"<p>Nem a crise causada pela pandemia do novo coronav\u00edrus \u00e9 capaz de sensibilizar os banqueiros. Esta semana, na base do Sindicato dos Banc\u00e1rios de Campos dos Goytacazes e Regi\u00e3o (RJ), ocorreram tr\u00eas demiss\u00f5es: duas na ag\u00eancia do Santander da avenida Pelinca e uma na ag\u00eancia do Ita\u00fa de S\u00e3o Francisco de Itabapoana.<\/p>\n<p>\u201cRepudiamos a postura dos bancos, que \u00e9 lament\u00e1vel. \u00c9 uma verdadeira covardia com os trabalhadores neste momento dif\u00edcil, em que todos n\u00f3s estamos inseguros, cuidando das nossas vidas e dos nossos familiares, pensando na coletividade. Vamos com certeza tomar todas as provid\u00eancias em rela\u00e7\u00e3o a esses casos\u201d, disse o presidente do sindicato, Rafanele Alves Pereira.<\/p>\n<p><strong>Fonte: Contraf-CUT<\/strong><\/p>\n","protected":false},"excerpt":{"rendered":"<p>Nem a crise causada pela pandemia do novo coronav\u00edrus \u00e9 capaz de sensibilizar os banqueiros. Esta semana, na base do Sindicato dos Banc\u00e1rios de Campos dos Goytacazes e Regi\u00e3o (RJ), ocorreram tr\u00eas demiss\u00f5es: duas na ag\u00eancia do Santander da avenida Pelinca e uma na ag\u00eancia do Ita\u00fa de S\u00e3o Francisco de Itabapoana. \u201cRepudiamos a postura [&hellip;]<\/p>\n","protected":false},"author":2,"featured_media":8486,"comment_status":"","ping_status":"","sticky":false,"template":"","format":"standard","meta":{"footnotes":""},"categories":[3],"tags":[],"class_list":["post-8487","post","type-post","status-publish","format-standard","has-post-thumbnail","hentry","category-noticias"],"_links":{"self":[{"href":"https:\/\/hostnetart.com.br\/baixada\/wp-json\/wp\/v2\/posts\/8487","targetHints":{"allow":["GET"]}}],"collection":[{"href":"https:\/\/hostnetart.com.br\/baixada\/wp-json\/wp\/v2\/posts"}],"about":[{"href":"https:\/\/hostnetart.com.br\/baixada\/wp-json\/wp\/v2\/types\/post"}],"author":[{"embeddable":true,"href":"https:\/\/hostnetart.com.br\/baixada\/wp-json\/wp\/v2\/users\/2"}],"replies":[{"embeddable":true,"href":"https:\/\/hostnetart.com.br\/baixada\/wp-json\/wp\/v2\/comments?post=8487"}],"version-history":[{"count":0,"href":"https:\/\/hostnetart.com.br\/baixada\/wp-json\/wp\/v2\/posts\/8487\/revisions"}],"wp:featuredmedia":[{"embeddable":true,"href":"https:\/\/hostnetart.com.br\/baixada\/wp-json\/wp\/v2\/media\/8486"}],"wp:attachment":[{"href":"https:\/\/hostnetart.com.br\/baixada\/wp-json\/wp\/v2\/media?parent=8487"}],"wp:term":[{"taxonomy":"category","embeddable":true,"href":"https:\/\/hostnetart.com.br\/baixada\/wp-json\/wp\/v2\/categories?post=8487"},{"taxonomy":"post_tag","embeddable":true,"href":"https:\/\/hostnetart.com.br\/baixada\/wp-json\/wp\/v2\/tags?post=8487"}],"curies":[{"name":"wp","href":"https:\/\/api.w.org\/{rel}","templated":true}]}}