{"id":8485,"date":"2020-03-20T04:44:13","date_gmt":"2020-03-20T07:44:13","guid":{"rendered":"https:\/\/hostnetart.com.br\/baixada\/trabalhadores-querem-ampliacao-de-parcelas-do-seguro-desemprego\/"},"modified":"2020-03-20T04:44:13","modified_gmt":"2020-03-20T07:44:13","slug":"trabalhadores-querem-ampliacao-de-parcelas-do-seguro-desemprego","status":"publish","type":"post","link":"https:\/\/hostnetart.com.br\/baixada\/trabalhadores-querem-ampliacao-de-parcelas-do-seguro-desemprego\/","title":{"rendered":"Trabalhadores querem amplia\u00e7\u00e3o de parcelas do seguro-desemprego"},"content":{"rendered":"<p>Os representantes dos trabalhadores no Conselho Deliberativo do Fundo de Amparo ao Trabalhador (Codefat) propuseram nesta semana a aprova\u00e7\u00e3o emergencial do aumento de parcelas do seguro-desemprego. Seria uma medida de prote\u00e7\u00e3o em um momento de crise causada pela pandemia do coronav\u00edrus, que deve aumentar o desemprego no pa\u00eds.<\/p>\n<p>\u201cA prioridade \u00e9 manter empregos, mas as <a href=\"https:\/\/www.redebrasilatual.com.br\/trabalho\/2020\/03\/caoa-chery-demite-59-trabalhadores\/\" target=\"_blank\" rel=\"noopener noreferrer\">demiss\u00f5es j\u00e1 est\u00e3o ocorrendo<\/a>\u201c, afirma o representante da For\u00e7a Sindical no Codefat, S\u00e9rgio Luiz Leite, o Serginho. \u201cPrecisamos manter uma renda para os trabalhadores desempregados, que certamente ter\u00e3o um per\u00edodo mais longo para encontrar um novo emprego.\u201d<\/p>\n<p>Os conselheiros das seis centrais sindicais com representa\u00e7\u00e3o no colegiado sugerem acr\u00e9scimo de tr\u00eas parcelas. Atualmente, o governo paga de tr\u00eas a cinco parcelas, dependendo do per\u00edodo trabalhado. O valor m\u00e1ximo do seguro-desemprego foi reajustado neste ano para R$ 1.813,03. O c\u00e1lculo \u00e9 feito com base na m\u00e9dia dos tr\u00eas \u00faltimos meses, e o menor valor n\u00e3o pode ficar abaixo de um sal\u00e1rio m\u00ednimo.<\/p>\n<h2><strong>Ind\u00fastria<\/strong><\/h2>\n<p>J\u00e1 a Confedera\u00e7\u00e3o Nacional da Ind\u00fastria (<a href=\"http:\/\/www.portaldaindustria.com.br\/cni\/\" target=\"_blank\" rel=\"noopener noreferrer\">CNI<\/a>) apresentou ao governo e ao Congresso um conjunto de 37 medidas para o per\u00edodo da crise, nas \u00e1reas tribut\u00e1ria, financeira e trabalhista. As propostas foram elaboradas com federa\u00e7\u00f5es estaduais e associa\u00e7\u00f5es setoriais.<\/p>\n<p>A avalia\u00e7\u00e3o \u00e9 que, no momento, a redu\u00e7\u00e3o do consumo \u00e9 provocada pelo isolamento da popula\u00e7\u00e3o, que est\u00e1 orientada a n\u00e3o sair de casa. Desta forma, as medidas emergenciais para os pr\u00f3ximos tr\u00eas meses, per\u00edodo que se considera o mais agudo da crise, devem focar nas empresas industriais e de servi\u00e7os, e n\u00e3o em aumentar a demanda\u201d, diz a CNI.<\/p>\n<p>A entidade prop\u00f5e acesso mais f\u00e1cil a capital de giro, intensifica\u00e7\u00e3o de linhas de cr\u00e9dito do BNDES, suspens\u00e3o por 90 dias do pagamento de tributos federais, incluindo contribui\u00e7\u00f5es previdenci\u00e1rias, e redu\u00e7\u00e3o das tarifas de energia el\u00e9trica.<\/p>\n<p>Na parte trabalhista, a CNI sugere \u201credu\u00e7\u00e3o de exig\u00eancias para a ado\u00e7\u00e3o do teletrabalho, amplia\u00e7\u00e3o do tempo para compensa\u00e7\u00e3o do banco de horas e \u201cpermiss\u00e3o expressa\u201d para altera\u00e7\u00e3o de hor\u00e1rios de trabalho.<\/p>\n<p>\u201cH\u00e1, ainda, medidas que buscam ampliar o colch\u00e3o de prote\u00e7\u00e3o do trabalhador em face do risco de desemprego, como a reativa\u00e7\u00e3o do Programa Seguro-Emprego e a amplia\u00e7\u00e3o do\u00a0<em>lay off,<\/em>\u00a0que permite a suspens\u00e3o dos contratos de trabalho com a manuten\u00e7\u00e3o do v\u00ednculo empregat\u00edcio\u201d, acrescenta a entidade.<\/p>\n<p><strong>Fonte: Rede Brasil Atual<\/strong><\/p>\n","protected":false},"excerpt":{"rendered":"<p>Os representantes dos trabalhadores no Conselho Deliberativo do Fundo de Amparo ao Trabalhador (Codefat) propuseram nesta semana a aprova\u00e7\u00e3o emergencial do aumento de parcelas do seguro-desemprego. Seria uma medida de prote\u00e7\u00e3o em um momento de crise causada pela pandemia do coronav\u00edrus, que deve aumentar o desemprego no pa\u00eds. \u201cA prioridade \u00e9 manter empregos, mas as [&hellip;]<\/p>\n","protected":false},"author":2,"featured_media":8484,"comment_status":"","ping_status":"","sticky":false,"template":"","format":"standard","meta":{"footnotes":""},"categories":[3],"tags":[],"class_list":["post-8485","post","type-post","status-publish","format-standard","has-post-thumbnail","hentry","category-noticias"],"_links":{"self":[{"href":"https:\/\/hostnetart.com.br\/baixada\/wp-json\/wp\/v2\/posts\/8485","targetHints":{"allow":["GET"]}}],"collection":[{"href":"https:\/\/hostnetart.com.br\/baixada\/wp-json\/wp\/v2\/posts"}],"about":[{"href":"https:\/\/hostnetart.com.br\/baixada\/wp-json\/wp\/v2\/types\/post"}],"author":[{"embeddable":true,"href":"https:\/\/hostnetart.com.br\/baixada\/wp-json\/wp\/v2\/users\/2"}],"replies":[{"embeddable":true,"href":"https:\/\/hostnetart.com.br\/baixada\/wp-json\/wp\/v2\/comments?post=8485"}],"version-history":[{"count":0,"href":"https:\/\/hostnetart.com.br\/baixada\/wp-json\/wp\/v2\/posts\/8485\/revisions"}],"wp:featuredmedia":[{"embeddable":true,"href":"https:\/\/hostnetart.com.br\/baixada\/wp-json\/wp\/v2\/media\/8484"}],"wp:attachment":[{"href":"https:\/\/hostnetart.com.br\/baixada\/wp-json\/wp\/v2\/media?parent=8485"}],"wp:term":[{"taxonomy":"category","embeddable":true,"href":"https:\/\/hostnetart.com.br\/baixada\/wp-json\/wp\/v2\/categories?post=8485"},{"taxonomy":"post_tag","embeddable":true,"href":"https:\/\/hostnetart.com.br\/baixada\/wp-json\/wp\/v2\/tags?post=8485"}],"curies":[{"name":"wp","href":"https:\/\/api.w.org\/{rel}","templated":true}]}}