{"id":8483,"date":"2020-03-20T04:42:36","date_gmt":"2020-03-20T07:42:36","guid":{"rendered":"https:\/\/hostnetart.com.br\/baixada\/caixa-volta-a-ser-instrumento-de-estado-no-combate-a-crise\/"},"modified":"2020-03-20T04:42:36","modified_gmt":"2020-03-20T07:42:36","slug":"caixa-volta-a-ser-instrumento-de-estado-no-combate-a-crise","status":"publish","type":"post","link":"https:\/\/hostnetart.com.br\/baixada\/caixa-volta-a-ser-instrumento-de-estado-no-combate-a-crise\/","title":{"rendered":"Caixa volta a ser instrumento de Estado no combate a crise"},"content":{"rendered":"<p>Fundada em 12 de janeiro de 1861, a Caixa Econ\u00f4mica Federal, cuja privatiza\u00e7\u00e3o \u00e9 sempre cogitada por governos neoliberais, volta a ser protagonista em uma situa\u00e7\u00e3o de crise. A institui\u00e7\u00e3o anunciou nesta quinta-feira uma s\u00e9rie de medidas para facilitar a vida de pessoas e empresas no cen\u00e1rio daquela que j\u00e1 \u00e9 considerada a maior crise econ\u00f4mica da hist\u00f3ria recente, com o <a href=\"https:\/\/www.redebrasilatual.com.br\/saude-e-ciencia\/2020\/03\/ministerio-confirma-621-casos-e-sete-mortes-por-coronavirus\/\" target=\"_blank\" rel=\"noopener noreferrer\">advento do coronav\u00edrus<\/a>, que amea\u00e7a a vida de pessoas <a href=\"https:\/\/www.redebrasilatual.com.br\/saude-e-ciencia\/2020\/03\/por-coronavirus-transporte-coletivo-vai-parar-no-abc-paulista-a-partir-do-dia-29\/\" target=\"_blank\" rel=\"noopener noreferrer\">f\u00edsicas <\/a>e <a href=\"https:\/\/www.redebrasilatual.com.br\/economia\/2020\/03\/goldman-sachs-recessao-brasil-previsao-coronavirus\/\" target=\"_blank\" rel=\"noopener noreferrer\">jur\u00eddicas<\/a>.<\/p>\n<p>O banco vai permitir a interrup\u00e7\u00e3o do pagamento de cr\u00e9dito pessoal em at\u00e9 60 dias, fornecer cr\u00e9dito consignado com juros a partir de 0,99% ao m\u00eas, dar direito a cart\u00e3o virtual de d\u00e9bito para compras online a correntistas, cr\u00e9dito pessoal autom\u00e1tico, possibilitar \u201cpausa estendida\u201d do pagamento de at\u00e9 duas presta\u00e7\u00f5es de financiamento de habita\u00e7\u00e3o, entre outras medidas.<\/p>\n<p>Para micro e pequenas empresas, redu\u00e7\u00e3o de juros de at\u00e9 45% para capital de giro com taxas a partir de 0,57% por m\u00eas e linhas de cr\u00e9dito para investimento em m\u00e1quinas e equipamentos com at\u00e9 60 meses para pagamento.<\/p>\n<p>O banco vai tamb\u00e9m entrar na crise do sistema de sa\u00fade causada pelo coronav\u00edrus, liberando R$ 3 bilh\u00f5es em linhas para Santas Casas e hospitais filantr\u00f3picos que prestam servi\u00e7o ao Sistema \u00danico de Sa\u00fade (SUS).<\/p>\n<p>Ao entrar na luta contra os efeitos econ\u00f4micos do coronav\u00edrus, a Caixa mais uma vez \u00a0mostra sua import\u00e2ncia como entidade do Estado no apoio \u00e0 sociedade em momentos de dificuldade, como aconteceu na crise de 2008, quando, junto com o Banco Nacional de Desenvolvimento Econ\u00f4mico e Social (BNDES) e Banco do Brasil, a Caixa foi fundamental na pol\u00edtica antic\u00edclica que evitou que o pa\u00eds mergulhasse profundamente na crise.<\/p>\n<ul>\n<li><a href=\"https:\/\/www.redebrasilatual.com.br\/saude-e-ciencia\/2020\/03\/10-cuidados-coronavirus-sair-voltar\/\" target=\"_blank\" rel=\"noopener noreferrer\">Prote\u00e7\u00e3o: dez cuidados com o coronav\u00edrus para quando precisar sair ou voltar para casa<\/a><\/li>\n<\/ul>\n<p>A ironia \u00e9 que, em 2020, o governo mais selvagemente privatista da hist\u00f3ria brasileira \u00e9 obrigado a recorrer a uma das mais tradicionais institui\u00e7\u00f5es do Estado para socorrer a popula\u00e7\u00e3o e a si mesmo e tentar minimizar os efeitos da crise que j\u00e1 \u00e9 considerada uma trag\u00e9dia mundial.<\/p>\n<p>Nesse contexto, mais uma vez o projeto neoliberal de vender a institui\u00e7\u00e3o, ou privatizar opera\u00e7\u00f5es importantes \u2013 inten\u00e7\u00e3o tanto do governo Michel Temer como de Jair Bolsonaro \u2013 ser\u00e1 engavatado, pelo menos no curto e m\u00e9dio prazos, na opini\u00e3o do economista Jorge Mattoso, ex-presidente da Caixa.<\/p>\n<p> \u201cIsto, agora, n\u00e3o est\u00e1 colocado no horizonte, dada a gravidade da crise que estamos vivendo. Caixa e BNDES s\u00e3o institui\u00e7\u00f5es que, num momento de crise, mais do que nunca precisam ser usadas pelo Estado\u201d, diz. Para ele, \u00e9 tamb\u00e9m o caso do Banco do Brasil, embora com a ressalva de que o BB tem especificidade diferente, possui a\u00e7\u00f5es em Bolsa e participa\u00e7\u00e3o privada. \u201cN\u00e3o \u00e9 exatamente como a Caixa, n\u00e3o pode ser utilizado como a Caixa \u00e9\u201d, observa Mattoso.<\/p>\n<p>Ele lembra que o banco\u00a0 passou por v\u00e1rios momentos diferentes e, como nos per\u00edodos Temer e Bolsonaro, n\u00e3o \u00e9 a primeira vez que se cogita a sua privatiza\u00e7\u00e3o. Antes, a tentativa mais recente, e mesmo mais pr\u00f3xima de se concretizar, foi na \u00e9poca do presidente Fernando Henrique Cardoso.<\/p>\n<p>\u201cEla foi preparada para ser privatizada, e s\u00f3 n\u00e3o foi porque Lula ganhou a elei\u00e7\u00e3o. A Caixa estava esvaziada e pronta para ser privatizada\u201d, afirma Mattoso. \u201cMas sempre, em momentos de crise, ela \u00e9 chamada, utilizada e valorizada. Quando voc\u00ea precisa de uma institui\u00e7\u00e3o p\u00fablica com a vitalidade, com a expans\u00e3o, com a quantidade de ag\u00eancias (<em>mais de 3.400<\/em>), ela sempre \u00e9 e precisa ser utilizada.\u201d<\/p>\n<p>Em momentos de crise, obviamente, o pr\u00f3prio governo n\u00e3o cogita a possibilidade de privatiza\u00e7\u00e3o porque, em primeiro lugar, precisa da institui\u00e7\u00e3o, e, em segundo, porque \u00e9 muito dif\u00edcil vender durante uma crise. Mas, para Mattoso, o alerta permanece. \u201cSe essa ideologia, como a do governo atual, se mant\u00eam no poder, \u00e9 poss\u00edvel que a ideia de privatizar seja retomada. Neste momento, n\u00e3o podem fazer o que gostariam, porque precisam da Caixa.\u201d<\/p>\n<h2><strong>Banc\u00e1rios contra a Covid-19<\/strong><\/h2>\n<p>O Banco Central emitiu uma circular, nesta quinta-feira (19), na qual atende duas reivindica\u00e7\u00f5es apresentadas pela Confedera\u00e7\u00e3o Nacional dos Trabalhadores do Ramo Financeiro (Contraf-CUT), em of\u00edcio enviado no dia anterior. A entidade cobrava a padroniza\u00e7\u00e3o das medidas adotadas pelos bancos, como forma de garantir a seguran\u00e7a e a sa\u00fade dos trabalhadores e clientes em decorr\u00eancia da pandemia causada pelo coronav\u00edrus.<\/p>\n<p>A Contraf-CUT tamb\u00e9m reivindicava maior agilidade na implementa\u00e7\u00e3o de medidas como o contingenciamento de acesso \u00e0s ag\u00eancias e redu\u00e7\u00e3o do hor\u00e1rio de atendimento.<\/p>\n<p>Para a presidenta da Confedera\u00e7\u00e3o Nacional dos Trabalhadores do Ramo Financeiro (Contraf-CUT), \u00a0Juvandia Moreira, o mais importante no momento \u00e9 proteger a categoria. \u201cOs bancos t\u00eam que ser mais \u00e1geis na ado\u00e7\u00e3o das medidas protetivas e padronizar suas ado\u00e7\u00f5es\u201d, afirmou.<\/p>\n<p>\u201cO Banco Central determina a redu\u00e7\u00e3o do hor\u00e1rio, mas mant\u00e9m uma liberalidade com rela\u00e7\u00e3o ao contingenciamento. O controle de acesso \u00e9 fundamental para garantir a seguran\u00e7a e a sa\u00fade dos banc\u00e1rios e dos clientes\u201d, acrescentou a dirigente. <\/p>\n<p>\u201cJ\u00e1 conseguimos a libera\u00e7\u00e3o dos banc\u00e1rios e banc\u00e1rias em grupos de risco em todos os bancos e queremos todos os poss\u00edveis em <em>home office<\/em>\u201c, destacou.<\/p>\n<p>De acordo com Juvandia, os sindicatos em todo o pa\u00eds precisam fiscalizar o cumprimento das medidas e relatar sobre situa\u00e7\u00f5es que exijam novas, de acordo com a evolu\u00e7\u00e3o da doen\u00e7a e a realidade de cada localidade.<\/p>\n<p><strong>Fonte: Rede Brasil Atual<\/strong><\/p>\n","protected":false},"excerpt":{"rendered":"<p>Fundada em 12 de janeiro de 1861, a Caixa Econ\u00f4mica Federal, cuja privatiza\u00e7\u00e3o \u00e9 sempre cogitada por governos neoliberais, volta a ser protagonista em uma situa\u00e7\u00e3o de crise. A institui\u00e7\u00e3o anunciou nesta quinta-feira uma s\u00e9rie de medidas para facilitar a vida de pessoas e empresas no cen\u00e1rio daquela que j\u00e1 \u00e9 considerada a maior crise [&hellip;]<\/p>\n","protected":false},"author":2,"featured_media":8482,"comment_status":"","ping_status":"","sticky":false,"template":"","format":"standard","meta":{"footnotes":""},"categories":[3],"tags":[],"class_list":["post-8483","post","type-post","status-publish","format-standard","has-post-thumbnail","hentry","category-noticias"],"_links":{"self":[{"href":"https:\/\/hostnetart.com.br\/baixada\/wp-json\/wp\/v2\/posts\/8483","targetHints":{"allow":["GET"]}}],"collection":[{"href":"https:\/\/hostnetart.com.br\/baixada\/wp-json\/wp\/v2\/posts"}],"about":[{"href":"https:\/\/hostnetart.com.br\/baixada\/wp-json\/wp\/v2\/types\/post"}],"author":[{"embeddable":true,"href":"https:\/\/hostnetart.com.br\/baixada\/wp-json\/wp\/v2\/users\/2"}],"replies":[{"embeddable":true,"href":"https:\/\/hostnetart.com.br\/baixada\/wp-json\/wp\/v2\/comments?post=8483"}],"version-history":[{"count":0,"href":"https:\/\/hostnetart.com.br\/baixada\/wp-json\/wp\/v2\/posts\/8483\/revisions"}],"wp:featuredmedia":[{"embeddable":true,"href":"https:\/\/hostnetart.com.br\/baixada\/wp-json\/wp\/v2\/media\/8482"}],"wp:attachment":[{"href":"https:\/\/hostnetart.com.br\/baixada\/wp-json\/wp\/v2\/media?parent=8483"}],"wp:term":[{"taxonomy":"category","embeddable":true,"href":"https:\/\/hostnetart.com.br\/baixada\/wp-json\/wp\/v2\/categories?post=8483"},{"taxonomy":"post_tag","embeddable":true,"href":"https:\/\/hostnetart.com.br\/baixada\/wp-json\/wp\/v2\/tags?post=8483"}],"curies":[{"name":"wp","href":"https:\/\/api.w.org\/{rel}","templated":true}]}}