{"id":8479,"date":"2020-03-19T23:33:48","date_gmt":"2020-03-20T02:33:48","guid":{"rendered":"https:\/\/hostnetart.com.br\/baixada\/banco-central-atende-reivindicacoes-da-contraf-cut\/"},"modified":"2020-03-19T23:33:48","modified_gmt":"2020-03-20T02:33:48","slug":"banco-central-atende-reivindicacoes-da-contraf-cut","status":"publish","type":"post","link":"https:\/\/hostnetart.com.br\/baixada\/banco-central-atende-reivindicacoes-da-contraf-cut\/","title":{"rendered":"Banco Central atende reivindica\u00e7\u00f5es da Contraf-CUT"},"content":{"rendered":"<p>O <a href=\"https:\/\/www.bcb.gov.br\/estabilidadefinanceira\/exibenormativo?tipo=Circular&amp;numero=3991\" target=\"_blank\" rel=\"noopener noreferrer\">Banco Central emitiu uma circular<\/a> nesta quinta-feira (19) atendendo duas reivindica\u00e7\u00f5es apresentadas pela Confedera\u00e7\u00e3o Nacional dos Trabalhadores do Ramo Financeiro (Contraf-CUT) em <a href=\"https:\/\/contrafcut.com.br\/wp-content\/uploads\/2020\/03\/of-04020-solicitaccca7acc83o-de-escalonamento-de-atendimento.pdf?x64530\" target=\"_blank\" rel=\"noopener noreferrer\">of\u00edcio enviado<\/a> na quarta-feira (18). <a href=\"https:\/\/contrafcut.com.br\/noticias\/coronavirus-comando-dos-bancarios-cobra-atitude-do-banco-central\/\" target=\"_blank\" rel=\"noopener noreferrer\">A Contraf-CUT cobrou<\/a> a padroniza\u00e7\u00e3o das medidas adotadas pelos bancos para garantir a seguran\u00e7a e a sa\u00fade dos trabalhadores e clientes em decorr\u00eancia da pandemia causada pelo novo coronav\u00edrus (COVID-19), al\u00e9m de maior agilidade na implanta\u00e7\u00e3o das medidas necess\u00e1rias, como o contingenciamento de acesso \u00e0s ag\u00eancias e redu\u00e7\u00e3o do hor\u00e1rio de atendimento.<\/p>\n<p>A Circular 3.991 do Banco Central determina aos bancos que \u201cassegurada a presta\u00e7\u00e3o dos servi\u00e7os essenciais \u00e0 popula\u00e7\u00e3o, as institui\u00e7\u00f5es financeiras e demais institui\u00e7\u00f5es autorizadas a funcionar pelo Banco Central do Brasil DEVEM ajustar o hor\u00e1rio de atendimento ao p\u00fablico de suas depend\u00eancias enquanto perdurar, no Pa\u00eds, a situa\u00e7\u00e3o de risco \u00e0 sa\u00fade p\u00fablica decorrente do novo Coronav\u00edrus (Covid-19), dispensada a anteced\u00eancia de comunica\u00e7\u00e3o de altera\u00e7\u00e3o, de que trata o art. 4\u00ba da <a href=\"https:\/\/contrafcut.com.br\/res_2932_v3_l_bc\/\" target=\"_blank\" rel=\"noopener noreferrer\">Resolu\u00e7\u00e3o n\u00ba 2.932<\/a>, de 28 de fevereiro de 2002\u201d.<\/p>\n<p>A circula do Bacen diz ainda que \u201cos bancos m\u00faltiplos com carteira comercial, os bancos comerciais e as caixas econ\u00f4micas est\u00e3o dispensados do cumprimento, em suas ag\u00eancias, do hor\u00e1rio obrigat\u00f3rio e ininterrupto de que trata o art. 1\u00ba, \u00a7 1\u00ba, inciso I, da Resolu\u00e7\u00e3o n\u00ba 2.932, de 2002\u201d, que \u00e9 no m\u00ednimo de 5 horas.<\/p>\n<p>E que as institui\u00e7\u00f5es banc\u00e1rias \u201cdevem afixar aviso em local vis\u00edvel em suas depend\u00eancias, bem como comunicar os clientes, pelos demais canais de atendimento dispon\u00edveis, sobre o hor\u00e1rio de atendimento e caso venham a instituir limita\u00e7\u00e3o de quantidade de clientes e usu\u00e1rios ou outras condi\u00e7\u00f5es especiais de acesso \u00e0s suas depend\u00eancias, destinadas a evitar aglomera\u00e7\u00e3o de pessoas\u201d.<\/p>\n<p>\u201cO Banco Central determina a redu\u00e7\u00e3o do hor\u00e1rio, mas mant\u00e9m uma liberalidade com rela\u00e7\u00e3o ao contingenciamento. O controle de acesso \u00e9 fundamental para garantir a seguran\u00e7a e a sa\u00fade dos banc\u00e1rios e dos clientes. Esperamos que os bancos atendam essa reivindica\u00e7\u00e3o\u201d, disse a presidenta da Confedera\u00e7\u00e3o Nacional dos Trabalhadores do Ramo Financeiro (Contraf-CUT), Juvandia Moreira. \u201cMas, estamos enviando of\u00edcio ao Minist\u00e9rio da Sa\u00fade solicitando que os bancos sejam obrigados a fazer o controle de acesso para resguardar a sa\u00fade dos trabalhadores, dos clientes e usu\u00e1rios e evitar a propaga\u00e7\u00e3o ainda maior da doen\u00e7a\u201d, completou.<\/p>\n<p>Juvandia ressaltou que, o contingenciamento, \u00e9 apenas para que seja garantido o atendimento \u00e0s pessoas que n\u00e3o t\u00eam o cart\u00e3o para saque em unidades de autoatendimento, os aposentados que n\u00e3o tenham outra alternativa para sacar os benef\u00edcios da Previd\u00eancia, que n\u00e3o possuem conta corrente, trabalhadores que tenham que sacar o FGTS, ou desempregados que tenham que sacar o seguro-desemprego, entre outros.<\/p>\n<p>\u201cA limita\u00e7\u00e3o precisa priorizar o atendimento a esse p\u00fablico para que eles tenham como manter sua subsist\u00eancia\u201d, disse a presidenta da Contraf-CUT, acrescentando que o trabalho nos departamentos, que n\u00e3o envolvam o atendimento banc\u00e1rio, a situa\u00e7\u00e3o \u00e9 diferente e deve ser liberado o m\u00e1ximo poss\u00edvel de pessoas no home office ou f\u00e9rias. <\/p>\n<p>Para Piorar a situa\u00e7\u00e3o, o ministro da Economia anunciou de forma irrespons\u00e1vel uma medida de concess\u00e3o de aux\u00edlio aos aut\u00f4nomos e informais. Fazer tal an\u00fancio sem que haja regras definidas para os procedimentos a serem realizados e sem a defini\u00e7\u00e3o exata do p\u00fablico que ser\u00e1 beneficiado e sem preparar a estrutura de atendimento \u00e9, no m\u00ednimo, uma irresponsabilidade, pois isso aumentou a demanda nas ag\u00eancias da CAIXA, sem necessidade, completou a presidenta da Contraf-CUT.<\/p>\n<p>Nesta quinta-feira, houve uma correria \u00e0s ag\u00eancias de bancos p\u00fablicos, principalmente da Caixa Econ\u00f4mica Federal.<\/p>\n<p>As pessoas queriam sacar o benef\u00edcio, mas isso acabou gerando aglomera\u00e7\u00e3o e aumentando ainda mais o risco a que os trabalhadores est\u00e3o expostos.<\/p>\n<p>Juvandia criticou ainda a proposta anunciada pelo governo por achar medida insuficiente tanto pelas a\u00e7\u00f5es a serem realizadas, quanto pelo p\u00fablico a ser atendido. \u201cAs centrais sindicais elaboraram e apresentaram ao Congresso uma proposta que vai garantir a subsist\u00eancia das pessoas que est\u00e3o, ou ficar\u00e3o desempregadas por causa da epidemia\u201d, disse a presidenta da Contraf-CUT, se referindo \u00e0 <a href=\"https:\/\/contrafcut.com.br\/noticias\/centrais-sindicais-propoem-fundo-de-emergencia-para-preservar-renda\/\">proposta entregue pelas centrais sindicais<\/a> ao presidente da C\u00e2mara dos Deputados, Rodrigo Maia (DEM\/RJ), na \u00faltima ter\u00e7a-feira (17).<\/p>\n<h3><strong>Fique informado<\/strong><\/h3>\n<p>Acompanhe na <a href=\"https:\/\/contrafcut.com.br\/coronavirus\/\">p\u00e1gina espec\u00edfica do site da Contraf-CUT<\/a> a atualiza\u00e7\u00e3o das not\u00edcias sobre coronav\u00edrus que estejam relacionadas ao setor financeiro.<\/p>\n<p><strong>Fonte: Contraf-CUT<\/strong><\/p>\n","protected":false},"excerpt":{"rendered":"<p>O Banco Central emitiu uma circular nesta quinta-feira (19) atendendo duas reivindica\u00e7\u00f5es apresentadas pela Confedera\u00e7\u00e3o Nacional dos Trabalhadores do Ramo Financeiro (Contraf-CUT) em of\u00edcio enviado na quarta-feira (18). A Contraf-CUT cobrou a padroniza\u00e7\u00e3o das medidas adotadas pelos bancos para garantir a seguran\u00e7a e a sa\u00fade dos trabalhadores e clientes em decorr\u00eancia da pandemia causada pelo [&hellip;]<\/p>\n","protected":false},"author":2,"featured_media":8478,"comment_status":"","ping_status":"","sticky":false,"template":"","format":"standard","meta":{"footnotes":""},"categories":[3],"tags":[],"class_list":["post-8479","post","type-post","status-publish","format-standard","has-post-thumbnail","hentry","category-noticias"],"_links":{"self":[{"href":"https:\/\/hostnetart.com.br\/baixada\/wp-json\/wp\/v2\/posts\/8479","targetHints":{"allow":["GET"]}}],"collection":[{"href":"https:\/\/hostnetart.com.br\/baixada\/wp-json\/wp\/v2\/posts"}],"about":[{"href":"https:\/\/hostnetart.com.br\/baixada\/wp-json\/wp\/v2\/types\/post"}],"author":[{"embeddable":true,"href":"https:\/\/hostnetart.com.br\/baixada\/wp-json\/wp\/v2\/users\/2"}],"replies":[{"embeddable":true,"href":"https:\/\/hostnetart.com.br\/baixada\/wp-json\/wp\/v2\/comments?post=8479"}],"version-history":[{"count":0,"href":"https:\/\/hostnetart.com.br\/baixada\/wp-json\/wp\/v2\/posts\/8479\/revisions"}],"wp:featuredmedia":[{"embeddable":true,"href":"https:\/\/hostnetart.com.br\/baixada\/wp-json\/wp\/v2\/media\/8478"}],"wp:attachment":[{"href":"https:\/\/hostnetart.com.br\/baixada\/wp-json\/wp\/v2\/media?parent=8479"}],"wp:term":[{"taxonomy":"category","embeddable":true,"href":"https:\/\/hostnetart.com.br\/baixada\/wp-json\/wp\/v2\/categories?post=8479"},{"taxonomy":"post_tag","embeddable":true,"href":"https:\/\/hostnetart.com.br\/baixada\/wp-json\/wp\/v2\/tags?post=8479"}],"curies":[{"name":"wp","href":"https:\/\/api.w.org\/{rel}","templated":true}]}}