{"id":8471,"date":"2020-03-14T17:17:39","date_gmt":"2020-03-14T20:17:39","guid":{"rendered":"https:\/\/hostnetart.com.br\/baixada\/bancarias-terao-apoio-contra-violencia-domestica\/"},"modified":"2020-03-14T17:17:39","modified_gmt":"2020-03-14T20:17:39","slug":"bancarias-terao-apoio-contra-violencia-domestica","status":"publish","type":"post","link":"https:\/\/hostnetart.com.br\/baixada\/bancarias-terao-apoio-contra-violencia-domestica\/","title":{"rendered":"Banc\u00e1rias ter\u00e3o apoio contra viol\u00eancia dom\u00e9stica"},"content":{"rendered":"<p>O Comando Nacional dos Banc\u00e1rios e a Federa\u00e7\u00e3o Brasileira dos Bancos (Febraban) assinaram, nesta quarta-feira (11), um aditivo \u00e0 Conven\u00e7\u00e3o Coletiva de Trabalho (CCT) da categoria que d\u00e1 as diretrizes para a cria\u00e7\u00e3o de um programa de preven\u00e7\u00e3o \u00e0 pr\u00e1tica de viol\u00eancia dom\u00e9stica e familiar contra banc\u00e1rias, que tamb\u00e9m garante o apoio \u00e0quelas que forem v\u00edtimas.<\/p>\n<p>Por reivindica\u00e7\u00e3o da categoria banc\u00e1ria, a proposta vinha sendo\u00a0<a href=\"https:\/\/contrafcut.com.br\/noticias\/censo-da-diversidade\/\" target=\"_blank\" rel=\"noopener noreferrer\">negociada desde mar\u00e7o de 2019<\/a>. Na reuni\u00e3o de negocia\u00e7\u00e3o entre o Comando dos Banc\u00e1rios e a Fenaban,\u00a0<a href=\"https:\/\/contrafcut.com.br\/noticias\/contraf-cut-e-sindicatos-conquistam-canal-de-atendimento-as-mulheres-vitimas-de-violencia\/\" target=\"_blank\" rel=\"noopener noreferrer\">ocorrida em fevereiro de 2020<\/a>, os bancos aceitaram a cria\u00e7\u00e3o do programa.<\/p>\n<p>Dados do relat\u00f3rio extra\u00eddo do Sistema de Acompanhamento do Informa\u00e7\u00f5es Sindicais do Departamento Intersindical de Estat\u00edsticas e Estudos Socioecon\u00f4micos (Dieese), em 2018 foram registrados 820 cl\u00e1usulas que tratam o tema \u201cviol\u00eancia contra a mulher\u201d.<\/p>\n<p>\u201cDiariamente vemos os notici\u00e1rios sobre a viol\u00eancia praticada contra as mulheres em suas pr\u00f3prias casas. As banc\u00e1rias n\u00e3o est\u00e3o imunes a este tipo de viol\u00eancia. Precisam faltar ao trabalho, perdem produtividade e muitas acabam sendo demitidas. Isso \u00e9 punir quem \u00e9 v\u00edtima!\u201d, disse a presidenta da Confedera\u00e7\u00e3o Nacional dos Trabalhadores do Ramo Financeiro (Contraf-CUT), Juvandia Moreira, que \u00e9 uma das coordenadoras do Comando Nacional dos Banc\u00e1rios. \u201cEsperamos que, com este acordo, no setor banc\u00e1rio n\u00e3o haja mais a puni\u00e7\u00e3o \u00e0s v\u00edtimas e as banc\u00e1rias sejam acolhidas. E tamb\u00e9m que, n\u00f3s, juntamente com os bancos, possamos criar pol\u00edticas de trabalho que levem em conta a situa\u00e7\u00e3o vivida por elas\u201d, completou.<\/p>\n<figure class=\"wp-block-embed-youtube wp-block-embed is-type-video is-provider-youtube wp-embed-aspect-16-9 wp-has-aspect-ratio\">\n<div class=\"wp-block-embed__wrapper\">\u00a0<\/div>\n<\/figure>\n<p>Pesquisas apontam que, no Brasil, mulheres v\u00edtimas de viol\u00eancia costumam se ausentar do trabalho, em m\u00e9dia, por\u00a0<a href=\"https:\/\/www.uol.com.br\/universa\/noticias\/redacao\/2019\/11\/07\/violencia-faz-mulher-faltar-18-dias-de-trabalho-e-pais-perder-r-1-bi.htm\" target=\"_blank\" rel=\"noopener noreferrer\">18 dias\u00a0<\/a>. \u201cA aus\u00eancia de uma pol\u00edtica interna para lidar com o problema da viol\u00eancia dom\u00e9stica vivenciado por muitas mulheres no Brasil leva alguns gestores ao imobilismo ou ao tratamento inadequado da situa\u00e7\u00e3o. Por isso, interven\u00e7\u00f5es institucionais s\u00e3o necess\u00e1rias para contribuir e minimizar o sofrimento ps\u00edquico da mulher v\u00edtima de viol\u00eancia\u201d, disse a secret\u00e1ria da Mulher da Contraf-CUT, Elaine Cutis.<\/p>\n<p>A n\u00e3o obrigatoriedade do cumprimento de metas no per\u00edodo de risco, o abono \u00e0s faltas, a garantia do emprego, atendimento psicol\u00f3gico e social s\u00e3o algumas das pol\u00edticas que os trabalhadores e trabalhadoras esperam que sejam criadas pelos programas de preven\u00e7\u00e3o e apoio \u00e0s banc\u00e1rias v\u00edtimas de viol\u00eancia dom\u00e9stica.<\/p>\n<p>Dados do Minist\u00e9rio da Sa\u00fade mostram que, no Brasil,\u00a0<a href=\"https:\/\/www1.folha.uol.com.br\/cotidiano\/2019\/09\/brasil-registra-1-caso-de-agressao-a-mulher-a-cada-4-minutos-mostra-levantamento.shtml\" target=\"_blank\" rel=\"noopener noreferrer\">a cada quatro minutos, uma mulher \u00e9 agredida<\/a>\u00a0por um homem e sobrevive. Mas, muitas delas morrem. Segundo o Atlas da Viol\u00eancia de 2019, produzido pelo Ipea e pelo F\u00f3rum Brasileiro de Seguran\u00e7a P\u00fablica,\u00a0<a href=\"http:\/\/www.ipea.gov.br\/atlasviolencia\/download\/19\/atlas-da-violencia-2019\" target=\"_blank\" rel=\"noopener noreferrer\">13 mulheres s\u00e3o assassinadas por dia no Brasil<\/a>.<\/p>\n<h3>Papel dos sindicatos<\/h3>\n<p>A presidenta do\u00a0<a href=\"https:\/\/spbancarios.com.br\/03\/2020\/bancarias-vitimas-de-violencia-terao-canal-de-apoio\" target=\"_blank\" rel=\"noopener noreferrer\">Sindicato dos Banc\u00e1rios de S\u00e3o Paulo, Osasco e Regi\u00e3o<\/a>, Ivone Silva, destacou a necessidade e a import\u00e2ncia de que os sindicatos tamb\u00e9m se integrem e contribuam para o sucesso do programa. \u201cDo nosso lado tamb\u00e9m temos que buscar forma\u00e7\u00e3o para mudarmos uma cultura que faz parte da sociedade na qual estamos inclu\u00eddos\u201d, disse. \u201cPrecisamos ter a capacidade de mostrar \u00e0s banc\u00e1rias que elas podem confiar neste programa e na garantia de que ser\u00e1 mantido sigilo de todas as informa\u00e7\u00f5es\u201d, completou.<\/p>\n<h3>Evento<\/h3>\n<div class=\"wp-block-image\">\n<figure class=\"alignleft size-large is-resized\"><img fetchpriority=\"high\" decoding=\"async\" class=\"wp-image-277983 lazyloaded\" src=\"https:\/\/contrafcut.com.br\/wp-content\/uploads\/2020\/03\/rita-von-hunty2-scaled.jpg?x24222\" sizes=\"(max-width: 350px) 100vw, 350px\" srcset=\"https:\/\/contrafcut.com.br\/wp-content\/uploads\/2020\/03\/rita-von-hunty2-scaled.jpg 2560w, https:\/\/contrafcut.com.br\/wp-content\/uploads\/2020\/03\/rita-von-hunty2-287x230.jpg 287w, https:\/\/contrafcut.com.br\/wp-content\/uploads\/2020\/03\/rita-von-hunty2-768x615.jpg 768w, https:\/\/contrafcut.com.br\/wp-content\/uploads\/2020\/03\/rita-von-hunty2-1536x1229.jpg 1536w, https:\/\/contrafcut.com.br\/wp-content\/uploads\/2020\/03\/rita-von-hunty2-2048x1639.jpg 2048w\" alt=\"\" width=\"350\" height=\"280\" data-lazy-srcset=\"https:\/\/contrafcut.com.br\/wp-content\/uploads\/2020\/03\/rita-von-hunty2-scaled.jpg 2560w, https:\/\/contrafcut.com.br\/wp-content\/uploads\/2020\/03\/rita-von-hunty2-287x230.jpg 287w, https:\/\/contrafcut.com.br\/wp-content\/uploads\/2020\/03\/rita-von-hunty2-768x615.jpg 768w, https:\/\/contrafcut.com.br\/wp-content\/uploads\/2020\/03\/rita-von-hunty2-1536x1229.jpg 1536w, https:\/\/contrafcut.com.br\/wp-content\/uploads\/2020\/03\/rita-von-hunty2-2048x1639.jpg 2048w\" data-lazy-sizes=\"(max-width: 350px) 100vw, 350px\" data-lazy-src=\"https:\/\/contrafcut.com.br\/wp-content\/uploads\/2020\/03\/rita-von-hunty2-scaled.jpg?x24222\" data-was-processed=\"true\" \/><\/figure>\n<\/div>\n<p>Antes da assinatura do acordo, ocorreu uma s\u00e9rie de apresenta\u00e7\u00f5es sobre temas correlatos. A apresentadora Rita von Hunty, do\u00a0<a href=\"https:\/\/www.youtube.com\/channel\/UCZdJE8KpuFm6NRafHTEIC-g\" target=\"_blank\" rel=\"noopener noreferrer\">Canal Tempero Drag<\/a>, falou sobre Masculinidade T\u00f3xica. Adriana Carvalho, da\u00a0<a href=\"http:\/\/www.onumulheres.org.br\/\" target=\"_blank\" rel=\"noopener noreferrer\">ONU Mulheres<\/a>, tratou do tema viol\u00eancia contra as mulheres. Mulheres dirigentes sindicais disseram \u201cO que esperamos dos bancos\u201d e o diretor de Pol\u00edticas de Rela\u00e7\u00f5es Trabalhistas e Sindicais da Fenaban falou sobre \u201cNegocia\u00e7\u00e3o social\u201d.<\/p>\n<p>\u00a0<\/p>\n<p><strong>Fonte: Contraf-CUT<\/strong><\/p>\n","protected":false},"excerpt":{"rendered":"<p>O Comando Nacional dos Banc\u00e1rios e a Federa\u00e7\u00e3o Brasileira dos Bancos (Febraban) assinaram, nesta quarta-feira (11), um aditivo \u00e0 Conven\u00e7\u00e3o Coletiva de Trabalho (CCT) da categoria que d\u00e1 as diretrizes para a cria\u00e7\u00e3o de um programa de preven\u00e7\u00e3o \u00e0 pr\u00e1tica de viol\u00eancia dom\u00e9stica e familiar contra banc\u00e1rias, que tamb\u00e9m garante o apoio \u00e0quelas que forem [&hellip;]<\/p>\n","protected":false},"author":2,"featured_media":8470,"comment_status":"","ping_status":"","sticky":false,"template":"","format":"standard","meta":{"footnotes":""},"categories":[3],"tags":[],"class_list":["post-8471","post","type-post","status-publish","format-standard","has-post-thumbnail","hentry","category-noticias"],"_links":{"self":[{"href":"https:\/\/hostnetart.com.br\/baixada\/wp-json\/wp\/v2\/posts\/8471","targetHints":{"allow":["GET"]}}],"collection":[{"href":"https:\/\/hostnetart.com.br\/baixada\/wp-json\/wp\/v2\/posts"}],"about":[{"href":"https:\/\/hostnetart.com.br\/baixada\/wp-json\/wp\/v2\/types\/post"}],"author":[{"embeddable":true,"href":"https:\/\/hostnetart.com.br\/baixada\/wp-json\/wp\/v2\/users\/2"}],"replies":[{"embeddable":true,"href":"https:\/\/hostnetart.com.br\/baixada\/wp-json\/wp\/v2\/comments?post=8471"}],"version-history":[{"count":0,"href":"https:\/\/hostnetart.com.br\/baixada\/wp-json\/wp\/v2\/posts\/8471\/revisions"}],"wp:featuredmedia":[{"embeddable":true,"href":"https:\/\/hostnetart.com.br\/baixada\/wp-json\/wp\/v2\/media\/8470"}],"wp:attachment":[{"href":"https:\/\/hostnetart.com.br\/baixada\/wp-json\/wp\/v2\/media?parent=8471"}],"wp:term":[{"taxonomy":"category","embeddable":true,"href":"https:\/\/hostnetart.com.br\/baixada\/wp-json\/wp\/v2\/categories?post=8471"},{"taxonomy":"post_tag","embeddable":true,"href":"https:\/\/hostnetart.com.br\/baixada\/wp-json\/wp\/v2\/tags?post=8471"}],"curies":[{"name":"wp","href":"https:\/\/api.w.org\/{rel}","templated":true}]}}