{"id":8469,"date":"2020-03-14T17:16:19","date_gmt":"2020-03-14T20:16:19","guid":{"rendered":"https:\/\/hostnetart.com.br\/baixada\/depois-de-cobranca-do-comando-nacional-caixa-encaminha-orientacoes-sobre-o-coronavirus\/"},"modified":"2020-03-14T17:16:19","modified_gmt":"2020-03-14T20:16:19","slug":"depois-de-cobranca-do-comando-nacional-caixa-encaminha-orientacoes-sobre-o-coronavirus","status":"publish","type":"post","link":"https:\/\/hostnetart.com.br\/baixada\/depois-de-cobranca-do-comando-nacional-caixa-encaminha-orientacoes-sobre-o-coronavirus\/","title":{"rendered":"Depois de cobran\u00e7a do Comando Nacional, Caixa encaminha orienta\u00e7\u00f5es sobre o Coronav\u00edrus"},"content":{"rendered":"<p><a href=\"https:\/\/contrafcut.com.br\/noticias\/comando-nacional-dos-bancarios-solicita-informacoes-a-fenaban-sobre-coronavirus\/\" target=\"_blank\" rel=\"noopener noreferrer\">Depois de cobran\u00e7a\u00a0<\/a><a href=\"https:\/\/contrafcut.com.br\/noticias\/comando-nacional-dos-bancarios-solicita-informacoes-a-fenaban-sobre-coronavirus\/\" target=\"_blank\" rel=\"noopener noreferrer\">do Comando Nacional dos banc\u00e1rios, a Caixa Econ\u00f4mica Federal<\/a>\u00a0encaminhou orienta\u00e7\u00f5es aos empregados sobre o Coronav\u00edrus.<\/p>\n<p>Com o cen\u00e1rio atual do pa\u00eds, no que se refere ao COVID-19 (Coronav\u00edrus), a dire\u00e7\u00e3o do banco autoriza os gestores a incluir os empregados no Projeto Remoto (MN RH226) pelos prazos de 14 a 30 dias.<\/p>\n<h3>At\u00e9 14 dias de projeto remoto:<\/h3>\n<p>Empregados que regressaram de viagens em\u00a0<a href=\"https:\/\/www.saude.gov.br\/saude-de-a-z\/coronavirus\">localidades com surto do COVID-19<\/a>, ou que tiveram contato com pessoas que testaram positivo. No caso de empregados que apresentem sintomas da doen\u00e7a (tosse, febre ou dificuldade de respirar) devem ser orientados a buscar atendimento m\u00e9dico.<\/p>\n<h3>At\u00e9 30 dias de projeto remoto:<\/h3>\n<p>Grupos de risco definidos pelo Minist\u00e9rio da Sa\u00fade: gestantes e adultos com 60 anos ou mais.<\/p>\n<p>A Caixa orienta tamb\u00e9m a aquisi\u00e7\u00e3o de \u00e1lcool gel e m\u00e1scara para uso, conforme protocolo do Minist\u00e9rio da Sa\u00fade. As unidades poder\u00e3o utilizar a verba de \u201cpronto pagamento\u201d na compra de m\u00e1scara e \u00e1lcool gel, observadas as orienta\u00e7\u00f5es do Minist\u00e9rio da Sa\u00fade.<\/p>\n<h3>A\u00e7\u00e3o de conten\u00e7\u00e3o \u2013 casos confirmados<\/h3>\n<p>Para as unidades com empregados ou terceirizados com o coronav\u00edrus confirmados, o gestor dever\u00e1: afastar o empregado ou prestador de servi\u00e7o terceirizado; encaminhar mensagens \u00e0 caixa postal GERET10 \u2013 Coronav\u00edrus; acionar GILOG de vincula\u00e7\u00e3o para refor\u00e7o de limpeza e contatar os grupos multidisciplinares coordenado pela \u00e1rea de Pessoas (GERET10 \u2013 SUBER).<\/p>\n<p>A dire\u00e7\u00e3o do banco frisa que, no caso da Rede Varejo, a coordena\u00e7\u00e3o ser\u00e1 da Superintend\u00eancia Regional, com a participa\u00e7\u00e3o da \u00e1rea de Pessoas, Log\u00edstica e Jur\u00eddico.<\/p>\n<p>O banco ainda encaminhou um\u00a0<a href=\"https:\/\/contrafcut.com.br\/faq-versao-2-0-covid-19-coronavirus\/\" target=\"_blank\" rel=\"noopener noreferrer\">FAQ com o protocolo de orienta\u00e7\u00f5es divulgadas pelo Minist\u00e9rio da Sa\u00fade<\/a>.<\/p>\n<p>Para os empregados, o banco tamb\u00e9m encaminhou a mensagem abaixo.<\/p>\n<figure class=\"wp-block-image size-large\"><img decoding=\"async\" class=\"wp-image-278036 lazyloaded\" src=\"https:\/\/contrafcut.com.br\/wp-content\/uploads\/2020\/03\/orientacoes-caix.jpg?x24222\" sizes=\"(max-width: 567px) 100vw, 567px\" srcset=\"https:\/\/contrafcut.com.br\/wp-content\/uploads\/2020\/03\/orientacoes-caix.jpg 567w, https:\/\/contrafcut.com.br\/wp-content\/uploads\/2020\/03\/orientacoes-caix-167x230.jpg 167w\" alt=\"\" data-lazy-srcset=\"https:\/\/contrafcut.com.br\/wp-content\/uploads\/2020\/03\/orientacoes-caix.jpg 567w, https:\/\/contrafcut.com.br\/wp-content\/uploads\/2020\/03\/orientacoes-caix-167x230.jpg 167w\" data-lazy-sizes=\"(max-width: 567px) 100vw, 567px\" data-lazy-src=\"https:\/\/contrafcut.com.br\/wp-content\/uploads\/2020\/03\/orientacoes-caix.jpg?x24222\" data-was-processed=\"true\" \/><\/figure>\n","protected":false},"excerpt":{"rendered":"<p>Depois de cobran\u00e7a\u00a0do Comando Nacional dos banc\u00e1rios, a Caixa Econ\u00f4mica Federal\u00a0encaminhou orienta\u00e7\u00f5es aos empregados sobre o Coronav\u00edrus. Com o cen\u00e1rio atual do pa\u00eds, no que se refere ao COVID-19 (Coronav\u00edrus), a dire\u00e7\u00e3o do banco autoriza os gestores a incluir os empregados no Projeto Remoto (MN RH226) pelos prazos de 14 a 30 dias. At\u00e9 14 [&hellip;]<\/p>\n","protected":false},"author":2,"featured_media":8468,"comment_status":"","ping_status":"","sticky":false,"template":"","format":"standard","meta":{"footnotes":""},"categories":[3],"tags":[],"class_list":["post-8469","post","type-post","status-publish","format-standard","has-post-thumbnail","hentry","category-noticias"],"_links":{"self":[{"href":"https:\/\/hostnetart.com.br\/baixada\/wp-json\/wp\/v2\/posts\/8469","targetHints":{"allow":["GET"]}}],"collection":[{"href":"https:\/\/hostnetart.com.br\/baixada\/wp-json\/wp\/v2\/posts"}],"about":[{"href":"https:\/\/hostnetart.com.br\/baixada\/wp-json\/wp\/v2\/types\/post"}],"author":[{"embeddable":true,"href":"https:\/\/hostnetart.com.br\/baixada\/wp-json\/wp\/v2\/users\/2"}],"replies":[{"embeddable":true,"href":"https:\/\/hostnetart.com.br\/baixada\/wp-json\/wp\/v2\/comments?post=8469"}],"version-history":[{"count":0,"href":"https:\/\/hostnetart.com.br\/baixada\/wp-json\/wp\/v2\/posts\/8469\/revisions"}],"wp:featuredmedia":[{"embeddable":true,"href":"https:\/\/hostnetart.com.br\/baixada\/wp-json\/wp\/v2\/media\/8468"}],"wp:attachment":[{"href":"https:\/\/hostnetart.com.br\/baixada\/wp-json\/wp\/v2\/media?parent=8469"}],"wp:term":[{"taxonomy":"category","embeddable":true,"href":"https:\/\/hostnetart.com.br\/baixada\/wp-json\/wp\/v2\/categories?post=8469"},{"taxonomy":"post_tag","embeddable":true,"href":"https:\/\/hostnetart.com.br\/baixada\/wp-json\/wp\/v2\/tags?post=8469"}],"curies":[{"name":"wp","href":"https:\/\/api.w.org\/{rel}","templated":true}]}}