{"id":8467,"date":"2020-03-14T17:13:45","date_gmt":"2020-03-14T20:13:45","guid":{"rendered":"https:\/\/hostnetart.com.br\/baixada\/reivindicacoes-dos-bancarios-e-atendida-e-bradesco-anuncia-melhorias-no-plano-dental\/"},"modified":"2020-03-14T17:13:45","modified_gmt":"2020-03-14T20:13:45","slug":"reivindicacoes-dos-bancarios-e-atendida-e-bradesco-anuncia-melhorias-no-plano-dental","status":"publish","type":"post","link":"https:\/\/hostnetart.com.br\/baixada\/reivindicacoes-dos-bancarios-e-atendida-e-bradesco-anuncia-melhorias-no-plano-dental\/","title":{"rendered":"Reivindica\u00e7\u00f5es dos banc\u00e1rios \u00e9 atendida e Bradesco anuncia melhorias no Plano dental"},"content":{"rendered":"<p>Uma antiga reivindica\u00e7\u00e3o dos funcion\u00e1rios do Bradesco foi atendida nesta quinta-feira (12), quando o banco enviou um comunicado \u00e0s ag\u00eancias para informar melhorias no Plano dental.<\/p>\n<p>A reivindica\u00e7\u00e3o foi reapresentada pela Comiss\u00e3o de Organiza\u00e7\u00e3o dos Empregados (COE) do Bradesco\u00a0<a href=\"https:\/\/contrafcut.com.br\/noticias\/coe-bradesco-debate-fechamento-de-age-ncias-e-seguro-sau-de-com-o-banco-fa3f\/\" target=\"_blank\" rel=\"noopener noreferrer\">em reuni\u00e3o realizada no final de dezembro de 2018<\/a>. Os representantes dos trabalhadores reivindicaram um calend\u00e1rio de reuni\u00e3o nas federa\u00e7\u00f5es, com objetivo de solucionar os problemas com o Plano de Sa\u00fade e Dental. Eles destacaram que os funcion\u00e1rios t\u00eam plano inferior ao que \u00e9 oferecido no mercado. Foi relatado problemas como a dificuldade do retorno profissional quanto ao credenciamento; redu\u00e7\u00e3o dos servi\u00e7os e da rede credenciada, a dificuldade de aprova\u00e7\u00e3o de alguns exames e o site desatualizado.<\/p>\n<p>Na reuni\u00e3o seguinte,\u00a0<a href=\"https:\/\/contrafcut.com.br\/noticias\/coe-bradesco-discute-ampliacao-do-pde-a-todos-os-funcionarios\/\" target=\"_blank\" rel=\"noopener noreferrer\">em mar\u00e7o de 2019,<\/a>\u00a0o banco apresentou um calend\u00e1rio para reuni\u00e3o nas Federa\u00e7\u00f5es, para conhecer as reivindica\u00e7\u00f5es de cada base.<\/p>\n<p>Nestes encontros, realizados na sequ\u00eancia \u2013 como\u00a0<a href=\"https:\/\/contrafcut.com.br\/noticias\/trabalhadores-de-macae-se-reunem-com-rh-do-bradesco\/\" target=\"_blank\" rel=\"noopener noreferrer\">Rio de Janeiro<\/a>\u00a0e\u00a0<a href=\"https:\/\/contrafcut.com.br\/noticias\/bancarios-de-sc-reivindicam-melhorias-no-atendimento-dos-planos-de-saude-e-dental-do-bradesco\/\" target=\"_blank\" rel=\"noopener noreferrer\">Santa Catarina<\/a>, discutiu-se melhorias no plano odontol\u00f3gico e no Plano de sa\u00fade, com foco em resolver os problemas em cada munic\u00edpio que comp\u00f5e as bases das federa\u00e7\u00f5es, onde o atendimento \u00e9 prec\u00e1rio.<\/p>\n<p>\u201cReconhecemos que houve melhorias. Por\u00e9m, ainda h\u00e1 muita coisa que precisa ser alterada, o que continuaremos pautando em nossas reuni\u00f5es. Cobraremos tamb\u00e9m um retorno das solu\u00e7\u00f5es para cada federa\u00e7\u00e3o\u201d, afirmou Magaly Fagundes, coordenadora da COE Bradesco.<\/p>\n<p>Entre as melhorias est\u00e3o o aumento da tabela de reembolso para 2X; a redu\u00e7\u00e3o da coparticipa\u00e7\u00e3o de 50% para 30% nos procedimentos de pr\u00f3tese cobertos pelo plano contratado e a cobertura de documenta\u00e7\u00e3o ortod\u00f4ntica (com participa\u00e7\u00e3o de 30%).<\/p>\n<p><strong>Fonte: Contraf-CUT<\/strong><\/p>\n","protected":false},"excerpt":{"rendered":"<p>Uma antiga reivindica\u00e7\u00e3o dos funcion\u00e1rios do Bradesco foi atendida nesta quinta-feira (12), quando o banco enviou um comunicado \u00e0s ag\u00eancias para informar melhorias no Plano dental. A reivindica\u00e7\u00e3o foi reapresentada pela Comiss\u00e3o de Organiza\u00e7\u00e3o dos Empregados (COE) do Bradesco\u00a0em reuni\u00e3o realizada no final de dezembro de 2018. Os representantes dos trabalhadores reivindicaram um calend\u00e1rio de [&hellip;]<\/p>\n","protected":false},"author":2,"featured_media":8466,"comment_status":"","ping_status":"","sticky":false,"template":"","format":"standard","meta":{"footnotes":""},"categories":[3],"tags":[],"class_list":["post-8467","post","type-post","status-publish","format-standard","has-post-thumbnail","hentry","category-noticias"],"_links":{"self":[{"href":"https:\/\/hostnetart.com.br\/baixada\/wp-json\/wp\/v2\/posts\/8467","targetHints":{"allow":["GET"]}}],"collection":[{"href":"https:\/\/hostnetart.com.br\/baixada\/wp-json\/wp\/v2\/posts"}],"about":[{"href":"https:\/\/hostnetart.com.br\/baixada\/wp-json\/wp\/v2\/types\/post"}],"author":[{"embeddable":true,"href":"https:\/\/hostnetart.com.br\/baixada\/wp-json\/wp\/v2\/users\/2"}],"replies":[{"embeddable":true,"href":"https:\/\/hostnetart.com.br\/baixada\/wp-json\/wp\/v2\/comments?post=8467"}],"version-history":[{"count":0,"href":"https:\/\/hostnetart.com.br\/baixada\/wp-json\/wp\/v2\/posts\/8467\/revisions"}],"wp:featuredmedia":[{"embeddable":true,"href":"https:\/\/hostnetart.com.br\/baixada\/wp-json\/wp\/v2\/media\/8466"}],"wp:attachment":[{"href":"https:\/\/hostnetart.com.br\/baixada\/wp-json\/wp\/v2\/media?parent=8467"}],"wp:term":[{"taxonomy":"category","embeddable":true,"href":"https:\/\/hostnetart.com.br\/baixada\/wp-json\/wp\/v2\/categories?post=8467"},{"taxonomy":"post_tag","embeddable":true,"href":"https:\/\/hostnetart.com.br\/baixada\/wp-json\/wp\/v2\/tags?post=8467"}],"curies":[{"name":"wp","href":"https:\/\/api.w.org\/{rel}","templated":true}]}}