{"id":8463,"date":"2020-03-05T23:05:49","date_gmt":"2020-03-06T02:05:49","guid":{"rendered":"https:\/\/hostnetart.com.br\/baixada\/bb-divulga-tabela-de-composicao-da-plr\/"},"modified":"2020-03-05T23:05:49","modified_gmt":"2020-03-06T02:05:49","slug":"bb-divulga-tabela-de-composicao-da-plr","status":"publish","type":"post","link":"https:\/\/hostnetart.com.br\/baixada\/bb-divulga-tabela-de-composicao-da-plr\/","title":{"rendered":"BB divulga tabela de composi\u00e7\u00e3o da PLR"},"content":{"rendered":"<div class=\"elementor-element elementor-element-194680ec elementor-widget elementor-widget-theme-post-content\" data-id=\"194680ec\" data-element_type=\"widget\" data-widget_type=\"theme-post-content.default\">\n<div class=\"elementor-widget-container\">\n<p>O Banco do Brasil efetuou nesta quinta-feira (5) o pagamento da parcela da Participa\u00e7\u00e3o nos Lucros e\/ou Resultados (PLR) referente ao segundo semestre de 2019.<\/p>\n<p>O valor corresponde \u00e0 soma do m\u00f3dulo Fenaban e do m\u00f3dulo BB. Pelo m\u00f3dulo Fenaban, o funcion\u00e1rio recebe 45% do sal\u00e1rio paradigma definido no acordo, acrescido de parcela fixa a ser definida pelo banco, para cada semestre.<\/p>\n<p>O m\u00f3dulo BB \u00e9 formado por uma parcela constitu\u00edda pela divis\u00e3o entre os funcion\u00e1rios de 4% do lucro l\u00edquido verificado no semestre, mais uma parcela que varia conforme cumprimento do Acordo de Trabalho (ATB) ou Conex\u00e3o.<\/p>\n<h3><strong>PLR em risco<\/strong><\/h3>\n<p>A parcela referente a este primeiro semestre de 2020 deve sofrer redu\u00e7\u00e3o em decorr\u00eancia do processo de reestrutura\u00e7\u00e3o do banco, o Performa. \u201cA PLR \u00e9 calculada com base no sal\u00e1rio paradigma, que est\u00e3o sendo reduzidos no processo de reestrutura\u00e7\u00e3o.Isso afeta as gratifica\u00e7\u00f5es recebidas mensalmente pelos funcion\u00e1rios e tamb\u00e9m a PLR\u201d, explicou o coordenador da Comiss\u00e3o de Empresa dos Funcion\u00e1rios do Banco do Brasil (CEBB), Jo\u00e3o Fukunaga. O coordenador da CEBB disse ainda que a inten\u00e7\u00e3o do banco \u00e9 empurrar os valores a serem pagos de PLR para a remunera\u00e7\u00e3o vari\u00e1vel. \u201cIsso \u00e9 prejudicial ao trabalhador, que fica \u00e0 merc\u00ea da decis\u00e3o exclusiva do banco. Por isso, defendemos a manuten\u00e7\u00e3o da PLR como remunera\u00e7\u00e3o fixa\u201d, completou.<\/p>\n<p>\u00a0<\/p>\n<div class=\"wp-block-image\">\n<figure class=\"aligncenter size-large\"><img decoding=\"async\" class=\"wp-image-277812 lazyloaded\" src=\"https:\/\/contrafcut.com.br\/wp-content\/uploads\/2020\/03\/tabela-plr-2sem2019-2.jpeg?x24222\" sizes=\"(max-width: 574px) 100vw, 574px\" srcset=\"https:\/\/contrafcut.com.br\/wp-content\/uploads\/2020\/03\/tabela-plr-2sem2019-2.jpeg 574w, https:\/\/contrafcut.com.br\/wp-content\/uploads\/2020\/03\/tabela-plr-2sem2019-2-253x230.jpeg 253w\" alt=\"\" data-lazy-srcset=\"https:\/\/contrafcut.com.br\/wp-content\/uploads\/2020\/03\/tabela-plr-2sem2019-2.jpeg 574w, https:\/\/contrafcut.com.br\/wp-content\/uploads\/2020\/03\/tabela-plr-2sem2019-2-253x230.jpeg 253w\" data-lazy-sizes=\"(max-width: 574px) 100vw, 574px\" data-lazy-src=\"https:\/\/contrafcut.com.br\/wp-content\/uploads\/2020\/03\/tabela-plr-2sem2019-2.jpeg?x24222\" data-was-processed=\"true\" \/><\/figure>\n<\/div>\n<\/div>\n<\/div>\n<div class=\"elementor-element elementor-element-12fb8eb elementor-widget elementor-widget-heading\" data-id=\"12fb8eb\" data-element_type=\"widget\" data-widget_type=\"heading.default\">\n<div class=\"elementor-widget-container\">\n<h2 class=\"elementor-heading-title elementor-size-medium\"><strong>Fonte: Contraf-CUT<\/strong><\/h2>\n<\/div>\n<\/div>\n","protected":false},"excerpt":{"rendered":"<p>O Banco do Brasil efetuou nesta quinta-feira (5) o pagamento da parcela da Participa\u00e7\u00e3o nos Lucros e\/ou Resultados (PLR) referente ao segundo semestre de 2019. O valor corresponde \u00e0 soma do m\u00f3dulo Fenaban e do m\u00f3dulo BB. Pelo m\u00f3dulo Fenaban, o funcion\u00e1rio recebe 45% do sal\u00e1rio paradigma definido no acordo, acrescido de parcela fixa a [&hellip;]<\/p>\n","protected":false},"author":2,"featured_media":8462,"comment_status":"","ping_status":"","sticky":false,"template":"","format":"standard","meta":{"footnotes":""},"categories":[3],"tags":[],"class_list":["post-8463","post","type-post","status-publish","format-standard","has-post-thumbnail","hentry","category-noticias"],"_links":{"self":[{"href":"https:\/\/hostnetart.com.br\/baixada\/wp-json\/wp\/v2\/posts\/8463","targetHints":{"allow":["GET"]}}],"collection":[{"href":"https:\/\/hostnetart.com.br\/baixada\/wp-json\/wp\/v2\/posts"}],"about":[{"href":"https:\/\/hostnetart.com.br\/baixada\/wp-json\/wp\/v2\/types\/post"}],"author":[{"embeddable":true,"href":"https:\/\/hostnetart.com.br\/baixada\/wp-json\/wp\/v2\/users\/2"}],"replies":[{"embeddable":true,"href":"https:\/\/hostnetart.com.br\/baixada\/wp-json\/wp\/v2\/comments?post=8463"}],"version-history":[{"count":0,"href":"https:\/\/hostnetart.com.br\/baixada\/wp-json\/wp\/v2\/posts\/8463\/revisions"}],"wp:featuredmedia":[{"embeddable":true,"href":"https:\/\/hostnetart.com.br\/baixada\/wp-json\/wp\/v2\/media\/8462"}],"wp:attachment":[{"href":"https:\/\/hostnetart.com.br\/baixada\/wp-json\/wp\/v2\/media?parent=8463"}],"wp:term":[{"taxonomy":"category","embeddable":true,"href":"https:\/\/hostnetart.com.br\/baixada\/wp-json\/wp\/v2\/categories?post=8463"},{"taxonomy":"post_tag","embeddable":true,"href":"https:\/\/hostnetart.com.br\/baixada\/wp-json\/wp\/v2\/tags?post=8463"}],"curies":[{"name":"wp","href":"https:\/\/api.w.org\/{rel}","templated":true}]}}