{"id":8455,"date":"2020-03-04T16:17:10","date_gmt":"2020-03-04T19:17:10","guid":{"rendered":"https:\/\/hostnetart.com.br\/baixada\/banco-do-brasil-paga-plr-nesta-quinta-feira-5\/"},"modified":"2020-03-04T16:17:10","modified_gmt":"2020-03-04T19:17:10","slug":"banco-do-brasil-paga-plr-nesta-quinta-feira-5","status":"publish","type":"post","link":"https:\/\/hostnetart.com.br\/baixada\/banco-do-brasil-paga-plr-nesta-quinta-feira-5\/","title":{"rendered":"Banco do Brasil paga PLR nesta quinta-feira (5)"},"content":{"rendered":"<p>No mesmo dia que anunciou um\u00a0<a href=\"https:\/\/bit.ly\/2SF0Rrn\" target=\"_blank\" rel=\"noopener noreferrer\">lucro de R$ 18,162 bilh\u00f5es em 2019<\/a>, o Banco do Brasil anunciou que a parcela da Participa\u00e7\u00e3o nos Lucros e\/ou Resultados (PLR) referente ao segundo semestre de 2019 ser\u00e1 paga aos funcion\u00e1rios no dia 5 de mar\u00e7o.<\/p>\n<p>O Banco do Brasil tem uma regra espec\u00edfica para pagamento da PLR. O valor \u00e9 soma do m\u00f3dulo Fenaban e do m\u00f3dulo BB. Pelo m\u00f3dulo Fenaban, o funcion\u00e1rio recebe 45% do sal\u00e1rio paradigma definido no acordo, acrescido de parcela fixa a ser definida pelo banco, para cada semestre.<\/p>\n<p>O m\u00f3dulo BB \u00e9 formado por uma parcela constitu\u00edda pela divis\u00e3o entre os funcion\u00e1rios de 4% do lucro l\u00edquido verificado no semestre, mais uma parcela que varia conforme cumprimento do Acordo de Trabalho (ATB) ou Conex\u00e3o.<\/p>\n<h3><strong>PLR em risco<\/strong><\/h3>\n<p>Os ganhos dos funcion\u00e1rios com a PLR podem ser reduzidos a partir deste semestre por causa do processo de reestrutura\u00e7\u00e3o do banco. \u201cA PLR \u00e9 baseada no valor de refer\u00eancia (VR) da gratifica\u00e7\u00e3o paga aos funcion\u00e1rios. As mudan\u00e7as anunciadas pelo banco reduzem o VR e, com isso, a PLR tamb\u00e9m pode ser reduzida\u201d, explicou o coordenador da Comiss\u00e3o de Empresa dos Funcion\u00e1rios do Banco do Brasil (CEBB), Jo\u00e3o Fukunaga. \u201cO banco cada vez mais quer empurrar os valores a serem pagos de PLR para a remunera\u00e7\u00e3o vari\u00e1vel. Isso \u00e9 prejudicial ao trabalhador, que fica \u00e0 merc\u00ea da decis\u00e3o exclusiva do banco. Por isso, defendemos a manuten\u00e7\u00e3o da PLR coo remunera\u00e7\u00e3o fixa\u201d, completou.<\/p>\n<p>O Banco do Brasil\u00a0<a href=\"https:\/\/www.correiobraziliense.com.br\/app\/noticia\/economia\/2020\/02\/04\/internas_economia,825538\/funcionario-do-bb-que-cumprir-metas-tera-bonus-de-ate-4-salarios-anuai.shtml\" target=\"_blank\" rel=\"noopener noreferrer\">anunciou<\/a>, no in\u00edcio de fevereiro, uma s\u00e9rie de medidas que vai alterar a forma de remunera\u00e7\u00e3o na institui\u00e7\u00e3o. \u201c<a href=\"https:\/\/contrafcut.com.br\/noticias\/banco-do-brasil-contraf-cut-analisa-os-principais-pontos-da-reestruturacao\/\" target=\"_blank\" rel=\"noopener noreferrer\">Analisamos os principais pontos da proposta<\/a>\u00a0e vimos que apenas os altos executivos que ocupam cargos indicados pelo governo podem ser beneficiados pelas medidas. Os demais v\u00e3o ter perdas\u201d, concluiu o coordenador da CEBB.<\/p>\n<p><strong>Fonte: Contraf-CUT<\/strong><\/p>\n","protected":false},"excerpt":{"rendered":"<p>No mesmo dia que anunciou um\u00a0lucro de R$ 18,162 bilh\u00f5es em 2019, o Banco do Brasil anunciou que a parcela da Participa\u00e7\u00e3o nos Lucros e\/ou Resultados (PLR) referente ao segundo semestre de 2019 ser\u00e1 paga aos funcion\u00e1rios no dia 5 de mar\u00e7o. O Banco do Brasil tem uma regra espec\u00edfica para pagamento da PLR. O [&hellip;]<\/p>\n","protected":false},"author":2,"featured_media":8454,"comment_status":"","ping_status":"","sticky":false,"template":"","format":"standard","meta":{"footnotes":""},"categories":[3],"tags":[],"class_list":["post-8455","post","type-post","status-publish","format-standard","has-post-thumbnail","hentry","category-noticias"],"_links":{"self":[{"href":"https:\/\/hostnetart.com.br\/baixada\/wp-json\/wp\/v2\/posts\/8455","targetHints":{"allow":["GET"]}}],"collection":[{"href":"https:\/\/hostnetart.com.br\/baixada\/wp-json\/wp\/v2\/posts"}],"about":[{"href":"https:\/\/hostnetart.com.br\/baixada\/wp-json\/wp\/v2\/types\/post"}],"author":[{"embeddable":true,"href":"https:\/\/hostnetart.com.br\/baixada\/wp-json\/wp\/v2\/users\/2"}],"replies":[{"embeddable":true,"href":"https:\/\/hostnetart.com.br\/baixada\/wp-json\/wp\/v2\/comments?post=8455"}],"version-history":[{"count":0,"href":"https:\/\/hostnetart.com.br\/baixada\/wp-json\/wp\/v2\/posts\/8455\/revisions"}],"wp:featuredmedia":[{"embeddable":true,"href":"https:\/\/hostnetart.com.br\/baixada\/wp-json\/wp\/v2\/media\/8454"}],"wp:attachment":[{"href":"https:\/\/hostnetart.com.br\/baixada\/wp-json\/wp\/v2\/media?parent=8455"}],"wp:term":[{"taxonomy":"category","embeddable":true,"href":"https:\/\/hostnetart.com.br\/baixada\/wp-json\/wp\/v2\/categories?post=8455"},{"taxonomy":"post_tag","embeddable":true,"href":"https:\/\/hostnetart.com.br\/baixada\/wp-json\/wp\/v2\/tags?post=8455"}],"curies":[{"name":"wp","href":"https:\/\/api.w.org\/{rel}","templated":true}]}}