{"id":8453,"date":"2020-03-04T14:26:06","date_gmt":"2020-03-04T17:26:06","guid":{"rendered":"https:\/\/hostnetart.com.br\/baixada\/presidente-da-cut-chama-para-ato-no-dia-18-e-diz-que-democracia-veio-para-ficar\/"},"modified":"2020-03-04T14:26:06","modified_gmt":"2020-03-04T17:26:06","slug":"presidente-da-cut-chama-para-ato-no-dia-18-e-diz-que-democracia-veio-para-ficar","status":"publish","type":"post","link":"https:\/\/hostnetart.com.br\/baixada\/presidente-da-cut-chama-para-ato-no-dia-18-e-diz-que-democracia-veio-para-ficar\/","title":{"rendered":"Presidente da CUT chama para ato no dia 18 e diz que \u2018democracia veio para ficar\u2019"},"content":{"rendered":"<p>Centrais sindicais e movimentos sociais se preparam para atos pelo pa\u00eds no pr\u00f3ximo dia 18, que originalmente seriam em defesa da educa\u00e7\u00e3o, mas ganharam outro significado ap\u00f3s declara\u00e7\u00f5es de Jair Bolsonaro que, segundo os dirigentes,\u00a0<a href=\"https:\/\/www.redebrasilatual.com.br\/politica\/2020\/02\/sociedade-precisa-sair-da-apatia-contra-ameacas-de-bolsonaro-a-democracia-diz-pedro-serrano\/\" target=\"_blank\" rel=\"noopener noreferrer\">atacam a democracia<\/a>. \u201cO pa\u00eds est\u00e1 at\u00f4nito\u201d, disse o presidente da For\u00e7a Sindical e do Sindicato dos Metal\u00fargicos de S\u00e3o Paulo, Miguel Torres,\u00a0<a href=\"https:\/\/www.redebrasilatual.com.br\/politica\/2020\/03\/bolsonaro-ataca-democracia-e-alimenta-motins-contra-a-legalidade-diz-flavio-dino\/\">que recebeu na manh\u00e3 desta ter\u00e7a-feira (3) o governador do Maranh\u00e3o, Fl\u00e1vio Dino (PCdoB)<\/a>. Para Miguel, \u00e9 preciso buscar \u201cpensamentos que unifiquem a na\u00e7\u00e3o\u201d. Havia no evento de hoje sindicalistas filiados a diversos partidos, como PT, PDT, PCdoB, PPL e SD, entre outros.<\/p>\n<p>Segundo Miguel, a popula\u00e7\u00e3o \u201cn\u00e3o tem perspectiva de melhora\u201d, com o pa\u00eds enfrentando aumento da informalidade e \u201ccoisas que v\u00e3o al\u00e9m da legalidade\u201d. \u00c9 preciso retomar pol\u00edticas p\u00fablicas, como a de valoriza\u00e7\u00e3o do sal\u00e1rio m\u00ednimo, defendeu o dirigente. Quase ao final do encontro, representantes de seis centrais entregaram a Fl\u00e1vio Dino documento com a chamada \u201cagenda priorit\u00e1ria\u201d para a retomada do desenvolvimento. O texto de consenso com propostas para o pa\u00eds foi aprovado originalmente em 2010 e teve atualiza\u00e7\u00f5es desde ent\u00e3o.<\/p>\n<p>O presidente da CUT, S\u00e9rgio Nobre, afirmou que Bolsonaro deixou claro que seu projeto \u00e9 \u201cautorit\u00e1rio\u201d ao participar da convoca\u00e7\u00e3o de um ato com manifesta\u00e7\u00f5es favor\u00e1veis ao fechamento do Congresso e do Supremo Trabalho Federal. \u201cA classe trabalhadora s\u00f3 avan\u00e7a no ambiente da democracia.\u00a0<a href=\"https:\/\/www.redebrasilatual.com.br\/politica\/2020\/02\/centrais-movimentos-ruas-apos-ato-pro-bolsonaro\/\" target=\"_blank\" rel=\"noopener noreferrer\">Dia 18<\/a>\u00a0temos uma miss\u00e3o importante, que \u00e9 parar este pa\u00eds. A democracia veio para ficar no Brasil.\u201d<\/p>\n<p class=\"has-medium-font-size\"><strong>Retrocesso civilizat\u00f3rio<\/strong><\/p>\n<p>O pa\u00eds vive hoje um \u201cprofundo retrocesso civilizat\u00f3rio\u201d, avalia o presidente da CTB, Adilson Ara\u00fajo, enquanto os movimentos sociais \u201cperderam a narrativa\u201d e precisam reagir, intensificando o debate pol\u00edtico e valorizando os sindicatos, que representam a principal resist\u00eancia contra o governo e por isso s\u00e3o atacados. No atual cen\u00e1rio, a desigualdade vai aumentar, previu Adilson, lembrando ainda dos efeitos negativos da \u201creforma\u201d da Previd\u00eancia. \u201cMuita gente vai morrer e n\u00e3o vai encontrar caixa eletr\u00f4nico no c\u00e9u.\u201d<\/p>\n<p>Para o presidente da CSB, Antonio Neto, o movimento sindical passa por um per\u00edodo de \u201cletargia\u201d, enquanto a direita \u201cperdeu a vergonha\u201d. Ele tamb\u00e9m fez refer\u00eancia \u00e0 divulga\u00e7\u00e3o de um v\u00eddeo por Bolsonaro sobre o ato do dia 15, pr\u00f3 governo. \u201cSoltar aquele v\u00eddeo e depois desmentir, mentindo, \u00e9 uma pouca vergonha\u201d, afirmou. Com a tend\u00eancia de desindustrializa\u00e7\u00e3o do pa\u00eds, ironizou, a CNI, entidade patronal, vai passar a se chamar \u201cConfedera\u00e7\u00e3o Nacional dos Importadores\u201d.<\/p>\n<p>J\u00e1 o presidente da CGTB, Ubiraci Dantas de Oliveira, o Bira, afirmou que Bolsonaro s\u00f3 agride jornalistas nas entrevistas porque n\u00e3o tem o que responder. Ele tamb\u00e9m defendeu a forma\u00e7\u00e3o de uma frente efetivamente ampla. \u201cTodos aqueles que n\u00e3o querem a ditadura, que n\u00e3o querem fascismo, que defendem a democracia, t\u00eam de ser recebidos.\u201d E se manifestou contra a ideia de deixar o presidente da Rep\u00fablica \u201csangrar\u201d, se enfraquecendo: \u201cQuem est\u00e1 sangrando \u00e9 o povo, o trabalhador\u201d.<\/p>\n<p>L\u00edder da Nova Central em S\u00e3o Paulo, Luiz Gon\u00e7alves, o Luizinho, identifica \u201cpossibilidade real\u201d de derrubar n\u00e3o s\u00f3 o governo, mas o projeto que ele representa. \u201c\u00c9 poss\u00edvel dar uma virada na situa\u00e7\u00e3o pol\u00edtica. N\u00e3o \u00e9 porque o cara tirou todos os nossos recursos financeiros que vamos parar de lutar.\u201d<\/p>\n<p><strong>Fonte: Rede Brasil Atual<\/strong><\/p>\n","protected":false},"excerpt":{"rendered":"<p>Centrais sindicais e movimentos sociais se preparam para atos pelo pa\u00eds no pr\u00f3ximo dia 18, que originalmente seriam em defesa da educa\u00e7\u00e3o, mas ganharam outro significado ap\u00f3s declara\u00e7\u00f5es de Jair Bolsonaro que, segundo os dirigentes,\u00a0atacam a democracia. \u201cO pa\u00eds est\u00e1 at\u00f4nito\u201d, disse o presidente da For\u00e7a Sindical e do Sindicato dos Metal\u00fargicos de S\u00e3o Paulo, [&hellip;]<\/p>\n","protected":false},"author":2,"featured_media":8452,"comment_status":"","ping_status":"","sticky":false,"template":"","format":"standard","meta":{"footnotes":""},"categories":[3],"tags":[],"class_list":["post-8453","post","type-post","status-publish","format-standard","has-post-thumbnail","hentry","category-noticias"],"_links":{"self":[{"href":"https:\/\/hostnetart.com.br\/baixada\/wp-json\/wp\/v2\/posts\/8453","targetHints":{"allow":["GET"]}}],"collection":[{"href":"https:\/\/hostnetart.com.br\/baixada\/wp-json\/wp\/v2\/posts"}],"about":[{"href":"https:\/\/hostnetart.com.br\/baixada\/wp-json\/wp\/v2\/types\/post"}],"author":[{"embeddable":true,"href":"https:\/\/hostnetart.com.br\/baixada\/wp-json\/wp\/v2\/users\/2"}],"replies":[{"embeddable":true,"href":"https:\/\/hostnetart.com.br\/baixada\/wp-json\/wp\/v2\/comments?post=8453"}],"version-history":[{"count":0,"href":"https:\/\/hostnetart.com.br\/baixada\/wp-json\/wp\/v2\/posts\/8453\/revisions"}],"wp:featuredmedia":[{"embeddable":true,"href":"https:\/\/hostnetart.com.br\/baixada\/wp-json\/wp\/v2\/media\/8452"}],"wp:attachment":[{"href":"https:\/\/hostnetart.com.br\/baixada\/wp-json\/wp\/v2\/media?parent=8453"}],"wp:term":[{"taxonomy":"category","embeddable":true,"href":"https:\/\/hostnetart.com.br\/baixada\/wp-json\/wp\/v2\/categories?post=8453"},{"taxonomy":"post_tag","embeddable":true,"href":"https:\/\/hostnetart.com.br\/baixada\/wp-json\/wp\/v2\/tags?post=8453"}],"curies":[{"name":"wp","href":"https:\/\/api.w.org\/{rel}","templated":true}]}}