{"id":8449,"date":"2020-03-04T14:18:48","date_gmt":"2020-03-04T17:18:48","guid":{"rendered":"https:\/\/hostnetart.com.br\/baixada\/reformas-comprometeram-a-capacidade-de-crescimento-do-pais-diz-ladislau-dowbor\/"},"modified":"2020-03-04T14:18:48","modified_gmt":"2020-03-04T17:18:48","slug":"reformas-comprometeram-a-capacidade-de-crescimento-do-pais-diz-ladislau-dowbor","status":"publish","type":"post","link":"https:\/\/hostnetart.com.br\/baixada\/reformas-comprometeram-a-capacidade-de-crescimento-do-pais-diz-ladislau-dowbor\/","title":{"rendered":"\u2018Reformas\u2019 comprometeram a capacidade de crescimento do pa\u00eds, diz Ladislau Dowbor"},"content":{"rendered":"<p>Para o economista e professor titular de p\u00f3s-gradua\u00e7\u00e3o da Pontif\u00edcia Universidade Cat\u00f3lica de S\u00e3o Paulo (PUC-SP), Ladislau Dowbor, as reformas neoliberais e as medidas de ajuste fiscal tomadas pelos governos Temer e\u00a0<a href=\"https:\/\/www.redebrasilatual.com.br\/eleicoes-2018\/2018\/10\/plano-economico-bolsonaro-regride-a-liberalismo-pre-geisel\/\" target=\"_blank\" rel=\"noopener noreferrer\">Bolsonaro<\/a>\u00a0est\u00e3o reduzindo a capacidade de consumo das fam\u00edlias. A situa\u00e7\u00e3o \u00e9 agravada pelo endividamento generalizado, que deixa quase metade da popula\u00e7\u00e3o fora do mercado consumidor. O resultado, diz o professor, n\u00e3o poderia ser outro: o\u00a0<a href=\"https:\/\/www.redebrasilatual.com.br\/economia\/2020\/03\/pais-tem-pibinho-no-primeiro-ano-de-bolsonaro\/\" target=\"_blank\" rel=\"noopener noreferrer\">baixo crescimento<\/a>\u00a0econ\u00f4mico do pa\u00eds, os elevados \u00edndices de desemprego e o aumento da informalidade.<\/p>\n<p>\u201cQuando se reduziu a capacidade de consumo das fam\u00edlias, a pretexto de reduzir o d\u00e9ficit, na verdade, travou-se tamb\u00e9m a capacidade de produ\u00e7\u00e3o das empresas. O empres\u00e1rio diz assim: \u2018Realmente est\u00e1 mais barato para contratar. Mas para que vou contratar, se n\u00e3o tenho para quem vender?&#8217;\u201d, criticou Dowbor, em entrevista aos jornalistas Marilu Caba\u00f1as e Glauco Faria, no\u00a0<em><a href=\"https:\/\/www.youtube.com\/watch?v=BGkiqf_ls4w\" target=\"_blank\" rel=\"noopener noreferrer\">Jornal Brasil Atual<\/a><\/em>\u00a0desta quarta-feira (4).<\/p>\n<p>Segundo ele, medidas como as ditas \u201creformas\u201d\u00a0<a href=\"https:\/\/www.redebrasilatual.com.br\/economia\/2019\/07\/modernizacao-trabalhista-vendida-como-solucao-fechou-duas-vezes-mais-vagas-do-que-criou\/\" target=\"_blank\" rel=\"noopener noreferrer\">trabalhista<\/a>\u00a0e da\u00a0<a href=\"https:\/\/www.redebrasilatual.com.br\/trabalho\/2019\/11\/ec-103-comeco-fim-previdencia-publica\/\" target=\"_blank\" rel=\"noopener noreferrer\">Previd\u00eancia<\/a>\u00a0t\u00eam o mesmo \u201cdenominador comum\u201d, que \u00e9 a redu\u00e7\u00e3o da capacidade de consumo da popula\u00e7\u00e3o. A\u00a0<a href=\"https:\/\/www.redebrasilatual.com.br\/economia\/2018\/04\/congelamento-de-gastos-alem-de-prejudicar-protecoes-sociais-nao-ajudou-a-melhorar-deficit-do-pais\/\" target=\"_blank\" rel=\"noopener noreferrer\">Lei do Teto<\/a>, outra medida fiscalista, aos restringir os investimentos p\u00fablicos em \u00e1reas como sa\u00fade e educa\u00e7\u00e3o, tamb\u00e9m acaba comprometendo parte da renda das fam\u00edlias, que s\u00e3o obrigadas a recorrer a, nestes casos, planos de sa\u00fade privados e escolas pagas.<\/p>\n<p>Outro agravante, segundo Dowbor, s\u00e3o as taxas de juros que permanecem elevadas, tanto para o consumidor, quanto para os pequenos e m\u00e9dios empres\u00e1rios. \u201cA cada ano, quando chega agosto ou setembro, dizem que no ano que vem vamos crescer 3%. Quando chega dezembro, vamos crescer 2,5%. Em mar\u00e7o, vamos crescer 1%. E a gente termina crescendo 0,8%. Estamos parados, porque n\u00e3o tem para quem vender, n\u00e3o tem como se financiar. A coisa n\u00e3o funciona\u201d, afirma o economista.<\/p>\n<h3>Solu\u00e7\u00e3o<\/h3>\n<p>Para o professor da PUC-SP, a sa\u00edda passa pela ado\u00e7\u00e3o de pol\u00edticas de est\u00edmulo ao consumo das fam\u00edlias, como a\u00a0<a href=\"https:\/\/www.redebrasilatual.com.br\/economia\/2020\/01\/governo-sem-valorizacao-salario-minimo\/\" target=\"_blank\" rel=\"noopener noreferrer\">valoriza\u00e7\u00e3o do sal\u00e1rio m\u00ednimo<\/a>\u00a0e o fortalecimento de programas de transfer\u00eancia de renda como o\u00a0<a href=\"https:\/\/www.redebrasilatual.com.br\/cidadania\/2020\/01\/em-um-ano-bolsonaro-exclui-1-milhao-de-familias-do-bolsa-familia\/\" target=\"_blank\" rel=\"noopener noreferrer\">Bolsa Fam\u00edlia<\/a>. Com medidas como essas, as empresas passam a contratar.<\/p>\n<p>O passo seguinte, explica, \u00e9 que com o crescimento da produ\u00e7\u00e3o e do consumo, as receitas do Estado tamb\u00e9m se elevam, por conta da arrecada\u00e7\u00e3o com impostos e tributos e pode, ent\u00e3o, investir em infraestrutura e pol\u00edticas sociais, que melhoram a efici\u00eancia das empresas e reduzem os gastos das fam\u00edlias, ensejando um ciclo de crescimento.<\/p>\n<p><strong>Fonte: Rede Brasil Atual<\/strong><\/p>\n","protected":false},"excerpt":{"rendered":"<p>Para o economista e professor titular de p\u00f3s-gradua\u00e7\u00e3o da Pontif\u00edcia Universidade Cat\u00f3lica de S\u00e3o Paulo (PUC-SP), Ladislau Dowbor, as reformas neoliberais e as medidas de ajuste fiscal tomadas pelos governos Temer e\u00a0Bolsonaro\u00a0est\u00e3o reduzindo a capacidade de consumo das fam\u00edlias. A situa\u00e7\u00e3o \u00e9 agravada pelo endividamento generalizado, que deixa quase metade da popula\u00e7\u00e3o fora do mercado [&hellip;]<\/p>\n","protected":false},"author":2,"featured_media":8448,"comment_status":"","ping_status":"","sticky":false,"template":"","format":"standard","meta":{"footnotes":""},"categories":[3],"tags":[],"class_list":["post-8449","post","type-post","status-publish","format-standard","has-post-thumbnail","hentry","category-noticias"],"_links":{"self":[{"href":"https:\/\/hostnetart.com.br\/baixada\/wp-json\/wp\/v2\/posts\/8449","targetHints":{"allow":["GET"]}}],"collection":[{"href":"https:\/\/hostnetart.com.br\/baixada\/wp-json\/wp\/v2\/posts"}],"about":[{"href":"https:\/\/hostnetart.com.br\/baixada\/wp-json\/wp\/v2\/types\/post"}],"author":[{"embeddable":true,"href":"https:\/\/hostnetart.com.br\/baixada\/wp-json\/wp\/v2\/users\/2"}],"replies":[{"embeddable":true,"href":"https:\/\/hostnetart.com.br\/baixada\/wp-json\/wp\/v2\/comments?post=8449"}],"version-history":[{"count":0,"href":"https:\/\/hostnetart.com.br\/baixada\/wp-json\/wp\/v2\/posts\/8449\/revisions"}],"wp:featuredmedia":[{"embeddable":true,"href":"https:\/\/hostnetart.com.br\/baixada\/wp-json\/wp\/v2\/media\/8448"}],"wp:attachment":[{"href":"https:\/\/hostnetart.com.br\/baixada\/wp-json\/wp\/v2\/media?parent=8449"}],"wp:term":[{"taxonomy":"category","embeddable":true,"href":"https:\/\/hostnetart.com.br\/baixada\/wp-json\/wp\/v2\/categories?post=8449"},{"taxonomy":"post_tag","embeddable":true,"href":"https:\/\/hostnetart.com.br\/baixada\/wp-json\/wp\/v2\/tags?post=8449"}],"curies":[{"name":"wp","href":"https:\/\/api.w.org\/{rel}","templated":true}]}}