{"id":8447,"date":"2020-03-03T18:56:55","date_gmt":"2020-03-03T21:56:55","guid":{"rendered":"https:\/\/hostnetart.com.br\/baixada\/trabalho-informal-segue-em-alta-pais-tem-quase-12-milhoes-de-desempregados\/"},"modified":"2020-03-03T18:56:55","modified_gmt":"2020-03-03T21:56:55","slug":"trabalho-informal-segue-em-alta-pais-tem-quase-12-milhoes-de-desempregados","status":"publish","type":"post","link":"https:\/\/hostnetart.com.br\/baixada\/trabalho-informal-segue-em-alta-pais-tem-quase-12-milhoes-de-desempregados\/","title":{"rendered":"Trabalho informal segue em alta; pa\u00eds tem quase 12 milh\u00f5es de desempregados"},"content":{"rendered":"<p>Com o emprego sem carteira e o trabalho aut\u00f4nomo crescendo acima da formaliza\u00e7\u00e3o, a taxa de desemprego ficou em 11,2% no trimestre encerrado em janeiro, segundo informou o IBGE nesta sexta-feira (28), abaixo de outubro (11,6%) e de janeiro do ano passado (12%). O n\u00famero de desempregados foi estimado em 11,913 milh\u00f5es. A desist\u00eancia de procurar emprego tamb\u00e9m ajudou a reduzir a taxa.<\/p>\n<p>De acordo com o instituto, s\u00e3o menos 453 mil desempregados no trimestre (-3,7%) e menos 712 mil em 12 meses (-5,6%). Est\u00e1vel no trimestre, o total de ocupados cresceu 2% em um ano e chegou a 94,151 milh\u00f5es.<\/p>\n<p>Os dados da Pesquisa Nacional por Amostra de Domic\u00edlios (<a href=\"https:\/\/www.redebrasilatual.com.br\/tag\/pnad-continua\" target=\"_blank\" rel=\"noopener noreferrer\">Pnad<\/a>) Cont\u00ednua \u2013 apesar do pequeno recuou na taxa de desemprego \u2013 seguem apontando para um alto \u00edndice de informalidade, que atinge 40,7% dos ocupados \u2013 s\u00e3o 38,3 milh\u00f5es de trabalhadores informais. Esse \u00edndice se mant\u00e9m praticamente inalterado: foi de 41,2% no trimestre encerrado em outubro e de 41% h\u00e1 um ano.<\/p>\n<h3>Desalento atinge 4,7 milh\u00f5es<\/h3>\n<p>Em 12 meses, o n\u00famero de empregados com carteira no setor privado cresce 2,6%, com acr\u00e9scimo de 845 mil, para um total de 33,711 milh\u00f5es. Mas o total de empregados sem carteira aumenta mais, 3,7% (419 mil), e chega a 11,673 milh\u00f5es. E os trabalhadores por conta pr\u00f3pria somam 24,575 milh\u00f5es, alta de 3,1% \u2013 mais 745 mil. Assim, o trabalho informal segue aumentando mais do que o formal.<\/p>\n<p>Segundo o\u00a0<a href=\"https:\/\/agenciadenoticias.ibge.gov.br\/agencia-sala-de-imprensa\/2013-agencia-de-noticias\/releases\/26978-taxa-de-desocupacao-e-de-11-2-e-taxa-de-subutilizacao-e-23-2-no-trimestre-encerrado-em-janeiro-de-2020\" target=\"_blank\" rel=\"noopener noreferrer\">IBGE<\/a>, a chamada subutiliza\u00e7\u00e3o da for\u00e7a de trabalho, que inclui pessoas que gostariam de trabalhar mais, inclui 23,2% do total. S\u00e3o 26,390 milh\u00f5es nessa situa\u00e7\u00e3o. E os desalentados \u2013 aqueles que desistiram de procurar emprego \u2013 atingem 4,698 milh\u00f5es, praticamente est\u00e1vel no trimestre e pouco acima de janeiro do ano passado. S\u00e3o 4,2% do total, o que tamb\u00e9m ajuda a reduzir a taxa m\u00e9dia de desemprego.<\/p>\n<p>Estimado em R$ 2.361, o rendimento m\u00e9dio ficou est\u00e1vel tanto na compara\u00e7\u00e3o trimestral como na anual. O mesmo acontece com a massa de rendimentos, que atinge R$ 217,4 bilh\u00f5es.<\/p>\n<p><strong>Fonte: Rede Brasil Atual<\/strong><\/p>\n","protected":false},"excerpt":{"rendered":"<p>Com o emprego sem carteira e o trabalho aut\u00f4nomo crescendo acima da formaliza\u00e7\u00e3o, a taxa de desemprego ficou em 11,2% no trimestre encerrado em janeiro, segundo informou o IBGE nesta sexta-feira (28), abaixo de outubro (11,6%) e de janeiro do ano passado (12%). O n\u00famero de desempregados foi estimado em 11,913 milh\u00f5es. A desist\u00eancia de [&hellip;]<\/p>\n","protected":false},"author":2,"featured_media":8446,"comment_status":"","ping_status":"","sticky":false,"template":"","format":"standard","meta":{"footnotes":""},"categories":[3],"tags":[],"class_list":["post-8447","post","type-post","status-publish","format-standard","has-post-thumbnail","hentry","category-noticias"],"_links":{"self":[{"href":"https:\/\/hostnetart.com.br\/baixada\/wp-json\/wp\/v2\/posts\/8447","targetHints":{"allow":["GET"]}}],"collection":[{"href":"https:\/\/hostnetart.com.br\/baixada\/wp-json\/wp\/v2\/posts"}],"about":[{"href":"https:\/\/hostnetart.com.br\/baixada\/wp-json\/wp\/v2\/types\/post"}],"author":[{"embeddable":true,"href":"https:\/\/hostnetart.com.br\/baixada\/wp-json\/wp\/v2\/users\/2"}],"replies":[{"embeddable":true,"href":"https:\/\/hostnetart.com.br\/baixada\/wp-json\/wp\/v2\/comments?post=8447"}],"version-history":[{"count":0,"href":"https:\/\/hostnetart.com.br\/baixada\/wp-json\/wp\/v2\/posts\/8447\/revisions"}],"wp:featuredmedia":[{"embeddable":true,"href":"https:\/\/hostnetart.com.br\/baixada\/wp-json\/wp\/v2\/media\/8446"}],"wp:attachment":[{"href":"https:\/\/hostnetart.com.br\/baixada\/wp-json\/wp\/v2\/media?parent=8447"}],"wp:term":[{"taxonomy":"category","embeddable":true,"href":"https:\/\/hostnetart.com.br\/baixada\/wp-json\/wp\/v2\/categories?post=8447"},{"taxonomy":"post_tag","embeddable":true,"href":"https:\/\/hostnetart.com.br\/baixada\/wp-json\/wp\/v2\/tags?post=8447"}],"curies":[{"name":"wp","href":"https:\/\/api.w.org\/{rel}","templated":true}]}}