{"id":8441,"date":"2020-03-03T14:07:47","date_gmt":"2020-03-03T17:07:47","guid":{"rendered":"https:\/\/hostnetart.com.br\/baixada\/comite-realiza-mobilizacao-no-congresso-em-defesa-das-empresas-publicas\/"},"modified":"2020-03-03T14:07:47","modified_gmt":"2020-03-03T17:07:47","slug":"comite-realiza-mobilizacao-no-congresso-em-defesa-das-empresas-publicas","status":"publish","type":"post","link":"https:\/\/hostnetart.com.br\/baixada\/comite-realiza-mobilizacao-no-congresso-em-defesa-das-empresas-publicas\/","title":{"rendered":"Comit\u00ea realiza mobiliza\u00e7\u00e3o no Congresso em defesa das empresas p\u00fablicas"},"content":{"rendered":"<p>O Comit\u00ea Nacional em Defesa das Empresas P\u00fablicas realiza nesta semana uma s\u00e9rie de atividades no Congresso Nacional para denunciar o processo de desmonte das estatais promovido pelo governo Bolsonaro. A partir desta ter\u00e7a-feira (3) at\u00e9 quinta (5) ser\u00e3o realizadas visitas \u00e0s lideran\u00e7as partid\u00e1rias e parlamentares.<\/p>\n<p>Nesta ter\u00e7a-feira, a partir das 13h, haver\u00e1 uma reuni\u00e3o do Comit\u00ea Nacional em Defesa das Empresas P\u00fablicas no Congresso, na sala da lideran\u00e7a do PT no Senado. Em seguida, ter\u00e3o in\u00edcio as reuni\u00f5es com parlamentares e lideran\u00e7as partid\u00e1rias.<\/p>\n<p>Segundo a coordenadora do Comit\u00ea e representante dos empregados no Conselho de Administra\u00e7\u00e3o da Caixa, Rita Serrano, o objetivo \u00e9 a dessa mobiliza\u00e7\u00e3o \u00e9 debater leis e medidas provis\u00f3rias relacionadas a projetos de privatiza\u00e7\u00e3o.<\/p>\n<p>\u201cVamos para o Congresso dialogar, argumentar e defender nossas empresas e seus trabalhadores. Hoje a amea\u00e7a privatista atinge Petrobras, Casa da Moeda, bancos como Caixa e BB e muitas outras, colocando em risco a soberania do Pa\u00eds, empregos e direitos trabalhistas\u201d, destaca Rita Serrano, que tamb\u00e9m \u00e9 diretora da Federa\u00e7\u00e3o Nacional das Associa\u00e7\u00f5es do Pessoal da Caixa Econ\u00f4mica Federal, Rita Serrano.<\/p>\n<p>Recentemente, o governo tentou passar por cima do Congresso para acelerar o ritmo das privatiza\u00e7\u00f5es \u2013 o chamado fast track (via r\u00e1pida), uma medida que poderia ser oficializada via decreto e dispensaria propor projeto de lei -, mas acabou recuando ap\u00f3s o presidente da C\u00e2mara, Rodrigo Maia, declarar que seria ilegal.<\/p>\n<p>\u201cO governo tem pressa e precisamos de muita organiza\u00e7\u00e3o para reagir rapidamente. \u00c9 muito importante ampliar esse debate e conquistar mais aliados em defesa das empresas p\u00fablicas brasileiras\u201d, explica Rita Serrano.<\/p>\n<p>As entidades que desejarem participar das atividades no Congresso devem confirmar participa\u00e7\u00e3o pelo e-mail\u00a0<a href=\"mailto:publiccomite@gmail.com\">publiccomite@gmail.com<\/a><\/p>\n<p><strong>Fonte: Contraf-CUT<\/strong><\/p>\n","protected":false},"excerpt":{"rendered":"<p>O Comit\u00ea Nacional em Defesa das Empresas P\u00fablicas realiza nesta semana uma s\u00e9rie de atividades no Congresso Nacional para denunciar o processo de desmonte das estatais promovido pelo governo Bolsonaro. A partir desta ter\u00e7a-feira (3) at\u00e9 quinta (5) ser\u00e3o realizadas visitas \u00e0s lideran\u00e7as partid\u00e1rias e parlamentares. Nesta ter\u00e7a-feira, a partir das 13h, haver\u00e1 uma reuni\u00e3o [&hellip;]<\/p>\n","protected":false},"author":2,"featured_media":8440,"comment_status":"","ping_status":"","sticky":false,"template":"","format":"standard","meta":{"footnotes":""},"categories":[3],"tags":[],"class_list":["post-8441","post","type-post","status-publish","format-standard","has-post-thumbnail","hentry","category-noticias"],"_links":{"self":[{"href":"https:\/\/hostnetart.com.br\/baixada\/wp-json\/wp\/v2\/posts\/8441","targetHints":{"allow":["GET"]}}],"collection":[{"href":"https:\/\/hostnetart.com.br\/baixada\/wp-json\/wp\/v2\/posts"}],"about":[{"href":"https:\/\/hostnetart.com.br\/baixada\/wp-json\/wp\/v2\/types\/post"}],"author":[{"embeddable":true,"href":"https:\/\/hostnetart.com.br\/baixada\/wp-json\/wp\/v2\/users\/2"}],"replies":[{"embeddable":true,"href":"https:\/\/hostnetart.com.br\/baixada\/wp-json\/wp\/v2\/comments?post=8441"}],"version-history":[{"count":0,"href":"https:\/\/hostnetart.com.br\/baixada\/wp-json\/wp\/v2\/posts\/8441\/revisions"}],"wp:featuredmedia":[{"embeddable":true,"href":"https:\/\/hostnetart.com.br\/baixada\/wp-json\/wp\/v2\/media\/8440"}],"wp:attachment":[{"href":"https:\/\/hostnetart.com.br\/baixada\/wp-json\/wp\/v2\/media?parent=8441"}],"wp:term":[{"taxonomy":"category","embeddable":true,"href":"https:\/\/hostnetart.com.br\/baixada\/wp-json\/wp\/v2\/categories?post=8441"},{"taxonomy":"post_tag","embeddable":true,"href":"https:\/\/hostnetart.com.br\/baixada\/wp-json\/wp\/v2\/tags?post=8441"}],"curies":[{"name":"wp","href":"https:\/\/api.w.org\/{rel}","templated":true}]}}