{"id":8439,"date":"2020-03-03T14:04:14","date_gmt":"2020-03-03T17:04:14","guid":{"rendered":"https:\/\/hostnetart.com.br\/baixada\/presidente-da-fundacao-palmares-demite-figuras-importantes-para-a-cultura-afro-brasileira\/"},"modified":"2020-03-03T14:04:14","modified_gmt":"2020-03-03T17:04:14","slug":"presidente-da-fundacao-palmares-demite-figuras-importantes-para-a-cultura-afro-brasileira","status":"publish","type":"post","link":"https:\/\/hostnetart.com.br\/baixada\/presidente-da-fundacao-palmares-demite-figuras-importantes-para-a-cultura-afro-brasileira\/","title":{"rendered":"Presidente da Funda\u00e7\u00e3o Palmares demite figuras importantes para a cultura afro-brasileira"},"content":{"rendered":"<p>Pol\u00eamico desde antes de sua posse por seu comportamento racista, o presidente da Funda\u00e7\u00e3o Palmares, S\u00e9rgio Nascimento de Camargo, causou revolta mais uma vez ao retirar dos cargos da institui\u00e7\u00e3o personagens importantes e reconhecidos pelos anos de trabalho realizado em prol da cultura afro-brasileira. De acordo com ele, objetivo \u00e9 montar uma nova equipe de extrema direita.<\/p>\n<p>Entre os demitidos est\u00e3o os respons\u00e1veis pela Diretoria de Fomento e Promo\u00e7\u00e3o da Cultura Afro-brasileiroa (DEP), Cl\u00f3vis Andr\u00e9 da Silva, pela Diretoria de prote\u00e7\u00e3o Afro-brasileira (DPA), Sionei Le\u00e3o, e pelo Centro Nacional de Informa\u00e7\u00e3o e Refer\u00eancia da Cultura Negra (Cenirp), K\u00e1tia Martins.<\/p>\n<p>Para Almir Aguiar, secret\u00e1rio de Combate ao Racismo da Confedera\u00e7\u00e3o Nacional dos Trabalhadores do Ramo Financeiro (Contraf-CUT), o presidente n\u00e3o representa a funda\u00e7\u00e3o, que tem como principal objetivo promover a preserva\u00e7\u00e3o dos valores culturais, sociais e econ\u00f4micos decorrentes da influ\u00eancia negra na forma\u00e7\u00e3o da sociedade brasileira. \u201cEle representa a direita reacion\u00e1ria e escravocrata desse pa\u00eds. Ele \u00e9 um servi\u00e7al do Bolsonaro e precisa ser combatido diariamente. Queremos que a Funda\u00e7\u00e3o Palmares volte as origens e valorize a cultura negra\u201d, afirmou.<\/p>\n<p>Em nota, a Funda\u00e7\u00e3o Cultural Palmares (FCP) afirmou que Sergio Camargo \u201cno direito e exerc\u00edcio de sua fun\u00e7\u00e3o se organiza para trazer a sua equipe tendo como objetivo o cumprimento da miss\u00e3o institucional\u201d.<\/p>\n<h3>Discurso racista<\/h3>\n<p>Essa n\u00e3o \u00e9 a primeira vez que o presidente da Funda\u00e7\u00e3o Palmares causa pol\u00eamica. Em uma entrevista para a imprensa, Sergio Camargo afirmou que o Dia da Consci\u00eancia Negra tem de acabar. Ele disse ainda que a data n\u00e3o \u00e9 para o negro brasileiro e o que depender dele a Funda\u00e7\u00e3o Palmares n\u00e3o dar\u00e1 suporte algum a essa data.<\/p>\n<p>Para Almir Aguiar, o discurso segue as diretrizes do governo em mais uma tentativa de enfraquecer a popula\u00e7\u00e3o negra \u201cEm 13 de maio de 1888, a princesa Isabel assinou a Lei \u00c1urea, decretando o fim da escravid\u00e3o no Brasil. Na \u00e9poca o n\u00famero de escravizados, era menor que o de negros livres, alforriados e refugiados nos quilombos, o imp\u00e9rio o estava sob press\u00e3o dos movimentos abolicionistas nacionais e da Inglaterra, mas a liberdade seria uma quest\u00e3o de tempo. Penso que essa data, \u00e9 mais para reflex\u00f5es e debates do que propriamente para grandes comemora\u00e7\u00f5es. At\u00e9 porque est\u00e1 Lei s\u00f3 tinha dois artigos, e nada para proteger a popula\u00e7\u00e3o negra, que n\u00e3o teve direito a terras, moradia, educa\u00e7\u00e3o, emprego, sa\u00fade, pelo contr\u00e1rio, eram proibidos de circular na cidade, eram proibidos de frequentar escolas p\u00fablicas, e o que foi negado aos negros, ofereceram aos imigrantes brancos.<\/p>\n<p><strong>Fonte: Contraf-CUT<\/strong><\/p>\n","protected":false},"excerpt":{"rendered":"<p>Pol\u00eamico desde antes de sua posse por seu comportamento racista, o presidente da Funda\u00e7\u00e3o Palmares, S\u00e9rgio Nascimento de Camargo, causou revolta mais uma vez ao retirar dos cargos da institui\u00e7\u00e3o personagens importantes e reconhecidos pelos anos de trabalho realizado em prol da cultura afro-brasileira. De acordo com ele, objetivo \u00e9 montar uma nova equipe de [&hellip;]<\/p>\n","protected":false},"author":2,"featured_media":8438,"comment_status":"","ping_status":"","sticky":false,"template":"","format":"standard","meta":{"footnotes":""},"categories":[3],"tags":[],"class_list":["post-8439","post","type-post","status-publish","format-standard","has-post-thumbnail","hentry","category-noticias"],"_links":{"self":[{"href":"https:\/\/hostnetart.com.br\/baixada\/wp-json\/wp\/v2\/posts\/8439","targetHints":{"allow":["GET"]}}],"collection":[{"href":"https:\/\/hostnetart.com.br\/baixada\/wp-json\/wp\/v2\/posts"}],"about":[{"href":"https:\/\/hostnetart.com.br\/baixada\/wp-json\/wp\/v2\/types\/post"}],"author":[{"embeddable":true,"href":"https:\/\/hostnetart.com.br\/baixada\/wp-json\/wp\/v2\/users\/2"}],"replies":[{"embeddable":true,"href":"https:\/\/hostnetart.com.br\/baixada\/wp-json\/wp\/v2\/comments?post=8439"}],"version-history":[{"count":0,"href":"https:\/\/hostnetart.com.br\/baixada\/wp-json\/wp\/v2\/posts\/8439\/revisions"}],"wp:featuredmedia":[{"embeddable":true,"href":"https:\/\/hostnetart.com.br\/baixada\/wp-json\/wp\/v2\/media\/8438"}],"wp:attachment":[{"href":"https:\/\/hostnetart.com.br\/baixada\/wp-json\/wp\/v2\/media?parent=8439"}],"wp:term":[{"taxonomy":"category","embeddable":true,"href":"https:\/\/hostnetart.com.br\/baixada\/wp-json\/wp\/v2\/categories?post=8439"},{"taxonomy":"post_tag","embeddable":true,"href":"https:\/\/hostnetart.com.br\/baixada\/wp-json\/wp\/v2\/tags?post=8439"}],"curies":[{"name":"wp","href":"https:\/\/api.w.org\/{rel}","templated":true}]}}