{"id":8437,"date":"2020-03-02T17:15:06","date_gmt":"2020-03-02T20:15:06","guid":{"rendered":"https:\/\/hostnetart.com.br\/baixada\/edital-de-convocacao-para-delegado-da-caixa-economica-federal\/"},"modified":"2020-03-02T17:15:06","modified_gmt":"2020-03-02T20:15:06","slug":"edital-de-convocacao-para-delegado-da-caixa-economica-federal","status":"publish","type":"post","link":"https:\/\/hostnetart.com.br\/baixada\/edital-de-convocacao-para-delegado-da-caixa-economica-federal\/","title":{"rendered":"EDITAL DE CONVOCA\u00c7\u00c3O PARA DELEGADO DA CAIXA ECON\u00d4MICA FEDERAL"},"content":{"rendered":"<p>{pdf=https:\/\/www.bancariosbaixada.org.br\/images\/pdf\/edital\/edital-convocacao-cef-2020.pdf|100%|900|google}<\/p>\n","protected":false},"excerpt":{"rendered":"<p>{pdf=https:\/\/www.bancariosbaixada.org.br\/images\/pdf\/edital\/edital-convocacao-cef-2020.pdf|100%|900|google}<\/p>\n","protected":false},"author":1,"featured_media":0,"comment_status":"","ping_status":"","sticky":false,"template":"","format":"standard","meta":{"footnotes":""},"categories":[7],"tags":[],"class_list":["post-8437","post","type-post","status-publish","format-standard","hentry","category-edital"],"_links":{"self":[{"href":"https:\/\/hostnetart.com.br\/baixada\/wp-json\/wp\/v2\/posts\/8437","targetHints":{"allow":["GET"]}}],"collection":[{"href":"https:\/\/hostnetart.com.br\/baixada\/wp-json\/wp\/v2\/posts"}],"about":[{"href":"https:\/\/hostnetart.com.br\/baixada\/wp-json\/wp\/v2\/types\/post"}],"author":[{"embeddable":true,"href":"https:\/\/hostnetart.com.br\/baixada\/wp-json\/wp\/v2\/users\/1"}],"replies":[{"embeddable":true,"href":"https:\/\/hostnetart.com.br\/baixada\/wp-json\/wp\/v2\/comments?post=8437"}],"version-history":[{"count":0,"href":"https:\/\/hostnetart.com.br\/baixada\/wp-json\/wp\/v2\/posts\/8437\/revisions"}],"wp:attachment":[{"href":"https:\/\/hostnetart.com.br\/baixada\/wp-json\/wp\/v2\/media?parent=8437"}],"wp:term":[{"taxonomy":"category","embeddable":true,"href":"https:\/\/hostnetart.com.br\/baixada\/wp-json\/wp\/v2\/categories?post=8437"},{"taxonomy":"post_tag","embeddable":true,"href":"https:\/\/hostnetart.com.br\/baixada\/wp-json\/wp\/v2\/tags?post=8437"}],"curies":[{"name":"wp","href":"https:\/\/api.w.org\/{rel}","templated":true}]}}