{"id":8428,"date":"2020-02-28T18:27:17","date_gmt":"2020-02-28T21:27:17","guid":{"rendered":"https:\/\/hostnetart.com.br\/baixada\/bancarios-vestem-preto-contra-reestruturacao-do-bb-e-da-caixa\/"},"modified":"2020-02-28T18:27:17","modified_gmt":"2020-02-28T21:27:17","slug":"bancarios-vestem-preto-contra-reestruturacao-do-bb-e-da-caixa","status":"publish","type":"post","link":"https:\/\/hostnetart.com.br\/baixada\/bancarios-vestem-preto-contra-reestruturacao-do-bb-e-da-caixa\/","title":{"rendered":"Banc\u00e1rios vestem preto contra reestrutura\u00e7\u00e3o do BB e da Caixa"},"content":{"rendered":"<div class=\"elementor-element elementor-element-194680ec elementor-widget elementor-widget-theme-post-content\" data-id=\"194680ec\" data-element_type=\"widget\" data-widget_type=\"theme-post-content.default\">\n<div class=\"elementor-widget-container\">\n<p>Sindicatos dos <a href=\"https:\/\/www.facebook.com\/pg\/contrafcut\/photos\/?tab=album&amp;album_id=3280262058653473\" target=\"_blank\" rel=\"noopener noreferrer\">banc\u00e1rios de todo o Brasil realizaram protestos<\/a>, nesta quinta-feira (27), contra os processos de reestrutura\u00e7\u00e3o em andamento no Banco do Brasil e na Caixa Econ\u00f4mica Federal. Vestidos de preto, os trabalhadores se manifestaram nas ag\u00eancias e departamentos das duas institui\u00e7\u00f5es.<\/p>\n<p>\u201cEst\u00e3o querendo antecipar medidas previstas na reforma administrativa, que n\u00e3o est\u00e3o aprovadas. S\u00e3o medidas que penalizam os trabalhadores e reduzem a import\u00e2ncia dos bancos e demais empresas p\u00fablicas\u201d, explicou o coordenador da Comiss\u00e3o de Empresa dos Funcion\u00e1rios do Banco do Brasil (CEBB), Jo\u00e3o Fukunaga. \u201cEste \u00e9 um primeiro ato conjunto com os empregados da Caixa. Vamos lutar at\u00e9 o fim contra essas reestrutura\u00e7\u00f5es que penalizam os trabalhadores\u201d, completou.<\/p>\n<p>No Banco do Brasil, <a href=\"https:\/\/contrafcut.com.br\/noticias\/banco-do-brasil-contraf-cut-analisa-os-principais-pontos-da-reestruturacao\/\" target=\"_blank\" rel=\"noopener noreferrer\">as medidas<\/a> reduzem a remunera\u00e7\u00e3o dos funcion\u00e1rios, extinguem cargos e criam outros, alterando o plano de carreira e podem trazer preju\u00edzos tamb\u00e9m para a Participa\u00e7\u00e3o nos Lucros e \/ou Resultados (PLR).<\/p>\n<p><a href=\"https:\/\/contrafcut.com.br\/noticias\/caixa-anuncia-nova-reestruturacao-e-preocupa-empregados\/\" target=\"_blank\" rel=\"noopener noreferrer\">Na Caixa<\/a>, a reestrutura\u00e7\u00e3o prev\u00ea descomissionamentos sum\u00e1rios e a transfer\u00eancia arbitr\u00e1ria de empregados.<\/p>\n<p>\u201cAs medidas propostas por este governo prejudicam n\u00e3o apenas os funcion\u00e1rios do Banco do Brasil e os empregados da Caixa. Elas prejudicam todo o pa\u00eds. Os bancos p\u00fablicos foram criados para atender as necessidades da popula\u00e7\u00e3o e das empresas por servi\u00e7os banc\u00e1rios que n\u00e3o s\u00e3o oferecidos pelos bancos privados. Como est\u00e3o reduzindo a atua\u00e7\u00e3o dos bancos p\u00fablicos, todos sairemos perdendo\u201d, explicou o coordenador da Comiss\u00e3o Executiva dos Empregados (CEE) da Caixa, Dion\u00edsio Reis.<\/p>\n<p>Para o coordenador da CEE\/Caixa, o desmonte e mudan\u00e7a de perfil dos bancos p\u00fablicos vai na mesma linha dos reajustes dos combust\u00edveis. \u201cAumentam o custo da gasolina, do g\u00e1s de cozinha, aumentam o custo do cr\u00e9dito imobili\u00e1rio e rural\u2026 Assim, como o desmonte dos bancos p\u00fablicos, tudo isso afeta diretamente a popula\u00e7\u00e3o\u201d, concluiu.<\/p>\n<h3><strong>Atendimento prec\u00e1rio<\/strong><\/h3>\n<p>A secret\u00e1ria de Cultura e representante da Confedera\u00e7\u00e3o Nacional dos Trabalhadores do Ramo Financeiro (Contraf-CUT) nas negocia\u00e7\u00f5es com a Caixa, Fabiana Uehara Proscholdt, lembrou ainda que as medidas de reestrutura\u00e7\u00e3o que est\u00e3o sendo implementadas no Banco do Brasil e na Caixa reduzem o n\u00famero de postos de trabalho nos bancos e o n\u00famero de ag\u00eancias para atendimento aos clientes.<\/p>\n<p>\u201cEm 2019, foram fechadas 366 ag\u00eancias do Banco do Brasil e houve uma redu\u00e7\u00e3o de 3.699 postos de trabalho no seu quadro de funcion\u00e1rios. Na Caixa, foram fechadas duas ag\u00eancias, 39 postos de atendimento, 63 lot\u00e9ricas e 310 correspondentes e reduzidos 886 postos de trabalho. E, em ambos os bancos, houve aumento de clientes\u201d, observou.<\/p>\n<p>\u201cIsso prejudica o atendimento aos clientes, que, muitas vezes precisa se deslocar por grandes dist\u00e2ncias para poder contar com os servi\u00e7os banc\u00e1rios. J\u00e1 os trabalhadores, estes ficam sobrecarregados e acabam adoecendo\u201d, afirmou a secret\u00e1ria da Juventude e representante da Contraf-CUT nas negocia\u00e7\u00f5es com o Banco do Brasil, Fernanda Lopes, lembrando que 41% dos munic\u00edpios brasileiros n\u00e3o possuem nenhuma ag\u00eancia banc\u00e1ria e que s\u00e3o os bancos p\u00fablicos os que oferecem servi\u00e7os nas localidades e regi\u00f5es onde os bancos privados n\u00e3o t\u00eam interesse em atuar.<\/p>\n<p>Das 5.590 cidades brasileiras, 41%, n\u00e3o possui nenhuma ag\u00eancia banc\u00e1ria. Em Roraima, dos 15 munic\u00edpios do estado, apenas seis contam com estabelecimentos banc\u00e1rios. Destes seis munic\u00edpios, em cinco s\u00f3 existem ag\u00eancias de bancos p\u00fablicos. Esta mesma realidade \u00e9 verificada em praticamente todo o pa\u00eds. Somente na regi\u00e3o Sudeste existem mais ag\u00eancias de bancos privados do que de p\u00fablicos. Em todas as outras regi\u00f5es do pa\u00eds (Sul, Centro-Oeste, Norte e Nordeste), a maioria das ag\u00eancias s\u00e3o de bancos p\u00fablicos.<\/p>\n<p>A mesma constata\u00e7\u00e3o ocorre no que diz respeito ao fornecimento de cr\u00e9dito. No Norte, 90,9% do cr\u00e9dito \u00e9 proveniente de bancos p\u00fablicos. No Centro-Oeste, 88,1% e no Nordeste, 84,8%. Na regi\u00e3o Sul, 80,5% do cr\u00e9dito \u00e9 proveniente de bancos p\u00fablicos. Somente na regi\u00e3o Sudeste a maior parte do cr\u00e9dito tem sua origem nos bancos privados.<\/p>\n<h3><strong>Calend\u00e1rio de luta unificado<\/strong><\/h3>\n<p>As atividades de hoje fazem parte de um calend\u00e1rio unificado de luta dos banc\u00e1rios do Banco do Brasil e da Caixa Econ\u00f4mica Federal.<\/p>\n<p>J\u00e1 est\u00e3o definidas novas manifesta\u00e7\u00f5es para os dias 10 de mar\u00e7o, quando ser\u00e3o realizadas reuni\u00f5es com os banc\u00e1rios em seus locais de trabalho, e para o dia 18 de mar\u00e7o, dia em que est\u00e3o sendo chamados atos em defesa dos bancos e demais empresas p\u00fablicas.<\/p>\n<p>\u201cJ\u00e1 houve uma boa ades\u00e3o em manifesta\u00e7\u00f5es realizadas nos \u00faltimos dias, mas \u00e9 fundamental que a mobiliza\u00e7\u00e3o continue e aumente. Precisamos mostrar para as dire\u00e7\u00f5es dos bancos e para o governo de uma forma geral que n\u00e3o aceitaremos que nos enfiem goela abaixo estas reestrutura\u00e7\u00f5es\u201d, disse o Coordenador da CEE\/Caixa, Dion\u00edsio Reis.<\/p>\n<h3><strong>Materiais de apoio<\/strong><\/h3>\n<p>A Confedera\u00e7\u00e3o Nacional dos Trabalhadores do Ramo Financeiro (Contraf-CUT) disponibilizou materiais para serem utilizados pelos sindicatos como apoio ao di\u00e1logo, tanto com os funcion\u00e1rios do BB quanto com os empregados da Caixa.<\/p>\n<p><strong>Fonte: Contraf-CUT<\/strong><\/p>\n<\/div>\n<\/div>\n","protected":false},"excerpt":{"rendered":"<p>Sindicatos dos banc\u00e1rios de todo o Brasil realizaram protestos, nesta quinta-feira (27), contra os processos de reestrutura\u00e7\u00e3o em andamento no Banco do Brasil e na Caixa Econ\u00f4mica Federal. Vestidos de preto, os trabalhadores se manifestaram nas ag\u00eancias e departamentos das duas institui\u00e7\u00f5es. \u201cEst\u00e3o querendo antecipar medidas previstas na reforma administrativa, que n\u00e3o est\u00e3o aprovadas. S\u00e3o [&hellip;]<\/p>\n","protected":false},"author":2,"featured_media":8427,"comment_status":"","ping_status":"","sticky":false,"template":"","format":"standard","meta":{"footnotes":""},"categories":[3],"tags":[],"class_list":["post-8428","post","type-post","status-publish","format-standard","has-post-thumbnail","hentry","category-noticias"],"_links":{"self":[{"href":"https:\/\/hostnetart.com.br\/baixada\/wp-json\/wp\/v2\/posts\/8428","targetHints":{"allow":["GET"]}}],"collection":[{"href":"https:\/\/hostnetart.com.br\/baixada\/wp-json\/wp\/v2\/posts"}],"about":[{"href":"https:\/\/hostnetart.com.br\/baixada\/wp-json\/wp\/v2\/types\/post"}],"author":[{"embeddable":true,"href":"https:\/\/hostnetart.com.br\/baixada\/wp-json\/wp\/v2\/users\/2"}],"replies":[{"embeddable":true,"href":"https:\/\/hostnetart.com.br\/baixada\/wp-json\/wp\/v2\/comments?post=8428"}],"version-history":[{"count":0,"href":"https:\/\/hostnetart.com.br\/baixada\/wp-json\/wp\/v2\/posts\/8428\/revisions"}],"wp:featuredmedia":[{"embeddable":true,"href":"https:\/\/hostnetart.com.br\/baixada\/wp-json\/wp\/v2\/media\/8427"}],"wp:attachment":[{"href":"https:\/\/hostnetart.com.br\/baixada\/wp-json\/wp\/v2\/media?parent=8428"}],"wp:term":[{"taxonomy":"category","embeddable":true,"href":"https:\/\/hostnetart.com.br\/baixada\/wp-json\/wp\/v2\/categories?post=8428"},{"taxonomy":"post_tag","embeddable":true,"href":"https:\/\/hostnetart.com.br\/baixada\/wp-json\/wp\/v2\/tags?post=8428"}],"curies":[{"name":"wp","href":"https:\/\/api.w.org\/{rel}","templated":true}]}}