{"id":8426,"date":"2020-02-28T18:24:38","date_gmt":"2020-02-28T21:24:38","guid":{"rendered":"https:\/\/hostnetart.com.br\/baixada\/coronavirus-apos-cortes-na-saude-possivel-epidemia-gera-preocupacao\/"},"modified":"2020-02-28T18:24:38","modified_gmt":"2020-02-28T21:24:38","slug":"coronavirus-apos-cortes-na-saude-possivel-epidemia-gera-preocupacao","status":"publish","type":"post","link":"https:\/\/hostnetart.com.br\/baixada\/coronavirus-apos-cortes-na-saude-possivel-epidemia-gera-preocupacao\/","title":{"rendered":"Coronav\u00edrus: ap\u00f3s cortes na sa\u00fade, poss\u00edvel epidemia gera preocupa\u00e7\u00e3o"},"content":{"rendered":"<div class=\"elementor-element elementor-element-194680ec elementor-widget elementor-widget-theme-post-content\" data-id=\"194680ec\" data-element_type=\"widget\" data-widget_type=\"theme-post-content.default\">\n<div class=\"elementor-widget-container\">\n<p>O Minist\u00e9rio da Sa\u00fade confirmou, nesta quarta-feira (26), o primeiro caso do novo coronav\u00edrus no Brasil. O infectado \u00e9 um homem de 61 anos que veio da regi\u00e3o de Lombardia, na It\u00e1lia para S\u00e3o Paulo. Uma poss\u00edvel epidemia da doen\u00e7a no pa\u00eds causa preocupa\u00e7\u00e3o, principalmente, ap\u00f3s os cortes nos investimentos em sa\u00fade, realizados pelo governo, no ano passado.<\/p>\n<p>De acordo com o ex-ministro da Sa\u00fade, Artur Chioro, o pa\u00eds perdeu R$9 bilh\u00f5es de investimentos na sa\u00fade, por conta da Lei do Teto de Gastos, o que, segundo ele, pode ter impacto negativo no enfrentamento a uma eventual epidemia de coronav\u00edrus. \u201cIsso explica o temor que n\u00f3s temos da capacidade de resposta do SUS, n\u00e3o por falta de compet\u00eancia das equipes de sa\u00fade ou dos gestores, mas por conta da insufici\u00eancia de recursos que n\u00f3s vivemos. N\u00f3s vivemos desde a constitui\u00e7\u00e3o um quadro de subfinanciamento do SUS. E, a partir da emenda do teto, n\u00f3s mudamos de patamar, com um quadro de \u2018desfinanciamento\u2019 da sa\u00fade p\u00fablica brasileira\u201d, disse ele, em entrevista na manh\u00e3 desta quinta-feira (27), \u00e0\u00a0<a href=\"https:\/\/www.youtube.com\/watch?v=kL7aYu-8Log&amp;t=5275s\" target=\"_blank\" rel=\"noopener noreferrer\">R\u00e1dio Brasil Atual<\/a>.<\/p>\n<p>A Lei do Teto de Gastos foi aprovada em 2016 e limita o aumento de verbas aplicadas na sa\u00fade \u2013 e em outras \u00e1reas \u2013 \u00e0 reposi\u00e7\u00e3o da infla\u00e7\u00e3o. \u201cEsses R$ 9 bilh\u00f5es que deixaram de ser empenhados na sa\u00fade, por conte da Lei do Teto, na verdade \u00e9 mais do que isso. Nesse valor do minist\u00e9rio est\u00e1 embutido um pagamento recorde de emendas parlamentares. Se subtrair as emendas pagas pelo governo Bolsonaro, n\u00f3s vamos chegar perto de R$ 20 bilh\u00f5es que deixaram de ser aplicados nos servi\u00e7os regulares de sa\u00fade\u201d, afirmou Chioro.<\/p>\n<p>Para o ex-ministro, \u00e9 urgente que o governo federal e os governos estaduais tomem as medidas necess\u00e1rias, liberando leitos e garantindo que as redes de sa\u00fade tenham m\u00e9dicos, enfermeiros e equipamentos necess\u00e1rios, inclusive para prote\u00e7\u00e3o dos profissionais. \u201c\u00c9 fundamental que o plano de conting\u00eancia, que n\u00e3o se trata de impedir a chegada do coronav\u00edrus, permita que os trabalhadores e os servi\u00e7os de sa\u00fade consigam implementar protocolos de atendimento que j\u00e1 est\u00e3o previstos com base nas recomenda\u00e7\u00f5es da Organiza\u00e7\u00e3o Mundial da Sa\u00fade, mas tamb\u00e9m consigam ter todas as condi\u00e7\u00f5es necess\u00e1rias do ponto de vista da estrutura f\u00edsica dos servi\u00e7os e da biosseguran\u00e7a\u201d, afirmou. \u00a0<\/p>\n<p><strong>Paciente em quarentena<\/strong><\/p>\n<p>O Minist\u00e9rio da Sa\u00fade anunciou que o paciente ficar\u00e1 em isolamento domiciliar e passar\u00e1 por 14 dias de quarentena, acompanhado diariamente por agentes de sa\u00fade.\u00a0 \u201cCaso ele tenha queda no estado geral, piora no seu estado cl\u00ednico, na sua capacidade de respirar, a\u00ed sim ele vai ser levado a um ambiente hospitalar\u201d, afirmou Luiz Henrique Mandetta, Ministro da Sa\u00fade.<\/p>\n<p>Al\u00e9m do paciente infectado, outras 60 pessoas est\u00e3o sendo contactadas pelo governo federal. O acompanhamento \u00e9 necess\u00e1rio para saber se elas apresentam sintomas. \u201cNo domingo, ele recebeu a fam\u00edlia. Trinta pessoas da fam\u00edlia. Todas as pessoas est\u00e3o sob observa\u00e7\u00e3o. Mais os passageiros do avi\u00e3o\u201d, relatou o ministro. \u201cAcredito que tenhamos pr\u00f3ximo de 50, 60 pessoas\u201d, complementou.<\/p>\n<p><strong>Casos no mundo<\/strong><\/p>\n<p>At\u00e9 agora s\u00e3o 80.239 casos confirmados da doen\u00e7a causada pelo novo coronav\u00edrus, em 34 pa\u00edses diferentes, conforme dados repassados pelo Minist\u00e9rio da Sa\u00fade. O n\u00famero de mortes chegou a 2,7 mil. No Brasil, al\u00e9m do caso confirmado, s\u00e3o 20 casos suspeitos e 59 descartados.\u00a0<\/p>\n<p><span style=\"text-decoration: underline;\"><strong>Fonte: Contraf-CUT<\/strong><\/span><\/p>\n<\/div>\n<\/div>\n","protected":false},"excerpt":{"rendered":"<p>O Minist\u00e9rio da Sa\u00fade confirmou, nesta quarta-feira (26), o primeiro caso do novo coronav\u00edrus no Brasil. O infectado \u00e9 um homem de 61 anos que veio da regi\u00e3o de Lombardia, na It\u00e1lia para S\u00e3o Paulo. Uma poss\u00edvel epidemia da doen\u00e7a no pa\u00eds causa preocupa\u00e7\u00e3o, principalmente, ap\u00f3s os cortes nos investimentos em sa\u00fade, realizados pelo governo, [&hellip;]<\/p>\n","protected":false},"author":2,"featured_media":8425,"comment_status":"","ping_status":"","sticky":false,"template":"","format":"standard","meta":{"footnotes":""},"categories":[3],"tags":[],"class_list":["post-8426","post","type-post","status-publish","format-standard","has-post-thumbnail","hentry","category-noticias"],"_links":{"self":[{"href":"https:\/\/hostnetart.com.br\/baixada\/wp-json\/wp\/v2\/posts\/8426","targetHints":{"allow":["GET"]}}],"collection":[{"href":"https:\/\/hostnetart.com.br\/baixada\/wp-json\/wp\/v2\/posts"}],"about":[{"href":"https:\/\/hostnetart.com.br\/baixada\/wp-json\/wp\/v2\/types\/post"}],"author":[{"embeddable":true,"href":"https:\/\/hostnetart.com.br\/baixada\/wp-json\/wp\/v2\/users\/2"}],"replies":[{"embeddable":true,"href":"https:\/\/hostnetart.com.br\/baixada\/wp-json\/wp\/v2\/comments?post=8426"}],"version-history":[{"count":0,"href":"https:\/\/hostnetart.com.br\/baixada\/wp-json\/wp\/v2\/posts\/8426\/revisions"}],"wp:featuredmedia":[{"embeddable":true,"href":"https:\/\/hostnetart.com.br\/baixada\/wp-json\/wp\/v2\/media\/8425"}],"wp:attachment":[{"href":"https:\/\/hostnetart.com.br\/baixada\/wp-json\/wp\/v2\/media?parent=8426"}],"wp:term":[{"taxonomy":"category","embeddable":true,"href":"https:\/\/hostnetart.com.br\/baixada\/wp-json\/wp\/v2\/categories?post=8426"},{"taxonomy":"post_tag","embeddable":true,"href":"https:\/\/hostnetart.com.br\/baixada\/wp-json\/wp\/v2\/tags?post=8426"}],"curies":[{"name":"wp","href":"https:\/\/api.w.org\/{rel}","templated":true}]}}