{"id":8424,"date":"2020-02-27T13:13:54","date_gmt":"2020-02-27T16:13:54","guid":{"rendered":"https:\/\/hostnetart.com.br\/baixada\/justica-manda-itau-repor-bancarios-demitidos-no-plano-de-saude-original\/"},"modified":"2020-02-27T13:13:54","modified_gmt":"2020-02-27T16:13:54","slug":"justica-manda-itau-repor-bancarios-demitidos-no-plano-de-saude-original","status":"publish","type":"post","link":"https:\/\/hostnetart.com.br\/baixada\/justica-manda-itau-repor-bancarios-demitidos-no-plano-de-saude-original\/","title":{"rendered":"Justi\u00e7a manda Ita\u00fa repor banc\u00e1rios demitidos no plano de sa\u00fade original"},"content":{"rendered":"<p>O Ita\u00fa tem se utilizado de uma manobra mesquinha, cruel e ilegal contra banc\u00e1rios aposentados demitidos e que contribu\u00edram por mais de dez anos para o plano de sa\u00fade. Pelo artigo 31 da lei 9556\/98, os dispensados nestas condi\u00e7\u00f5es t\u00eam direito vital\u00edcio ao mesmo plano usado quando na ativa, desde que arquem com a sua parte e a do banco. Mas o Ita\u00fa tem passado estes ex-funcion\u00e1rios para um plano empresarial diferente, com valor calculado levando em conta a faixa et\u00e1ria, o que faz com que tenha um custo muito mais elevado, com o intuito de economizar ao tornar imposs\u00edvel ao demitido bancar a sua parte e a do banco.<br \/>Mas o banc\u00e1rio dispensado s\u00f3 sente que n\u00e3o poder\u00e1 pagar, ap\u00f3s nove meses, j\u00e1 que a Conven\u00e7\u00e3o Coletiva de Trabalho (CCT) determina que durante este per\u00edodo ele continuar\u00e1 no plano com as mesmas condi\u00e7\u00f5es, inclusive bancando apenas a sua parte com o mesmo valor de quando estava na ativa. Findo este prazo ele ter\u00e1 que pagar a sua parte e a do banco s\u00f3 que num plano diferente muito mais caro.<br \/>O Sindicato tem obtido ganho de causa aos demitidos. Como o banco se recusa a mostrar os custos do plano original e do novo, o que comprovaria a ilegalidade da manobra, o Judici\u00e1rio tem determinado que at\u00e9 que isto seja feito, os ex-banc\u00e1rios paguem os valores de antes da demiss\u00e3o. As decis\u00f5es mais recentes neste sentido foram tomadas pela 4\u00aa Vara C\u00edvel do Estado do Rio de Janeiro.<\/p>\n<p><strong>Fonte: Banc\u00e1rios Rio<\/strong><\/p>\n","protected":false},"excerpt":{"rendered":"<p>O Ita\u00fa tem se utilizado de uma manobra mesquinha, cruel e ilegal contra banc\u00e1rios aposentados demitidos e que contribu\u00edram por mais de dez anos para o plano de sa\u00fade. Pelo artigo 31 da lei 9556\/98, os dispensados nestas condi\u00e7\u00f5es t\u00eam direito vital\u00edcio ao mesmo plano usado quando na ativa, desde que arquem com a sua [&hellip;]<\/p>\n","protected":false},"author":2,"featured_media":8423,"comment_status":"","ping_status":"","sticky":false,"template":"","format":"standard","meta":{"footnotes":""},"categories":[3],"tags":[],"class_list":["post-8424","post","type-post","status-publish","format-standard","has-post-thumbnail","hentry","category-noticias"],"_links":{"self":[{"href":"https:\/\/hostnetart.com.br\/baixada\/wp-json\/wp\/v2\/posts\/8424","targetHints":{"allow":["GET"]}}],"collection":[{"href":"https:\/\/hostnetart.com.br\/baixada\/wp-json\/wp\/v2\/posts"}],"about":[{"href":"https:\/\/hostnetart.com.br\/baixada\/wp-json\/wp\/v2\/types\/post"}],"author":[{"embeddable":true,"href":"https:\/\/hostnetart.com.br\/baixada\/wp-json\/wp\/v2\/users\/2"}],"replies":[{"embeddable":true,"href":"https:\/\/hostnetart.com.br\/baixada\/wp-json\/wp\/v2\/comments?post=8424"}],"version-history":[{"count":0,"href":"https:\/\/hostnetart.com.br\/baixada\/wp-json\/wp\/v2\/posts\/8424\/revisions"}],"wp:featuredmedia":[{"embeddable":true,"href":"https:\/\/hostnetart.com.br\/baixada\/wp-json\/wp\/v2\/media\/8423"}],"wp:attachment":[{"href":"https:\/\/hostnetart.com.br\/baixada\/wp-json\/wp\/v2\/media?parent=8424"}],"wp:term":[{"taxonomy":"category","embeddable":true,"href":"https:\/\/hostnetart.com.br\/baixada\/wp-json\/wp\/v2\/categories?post=8424"},{"taxonomy":"post_tag","embeddable":true,"href":"https:\/\/hostnetart.com.br\/baixada\/wp-json\/wp\/v2\/tags?post=8424"}],"curies":[{"name":"wp","href":"https:\/\/api.w.org\/{rel}","templated":true}]}}