{"id":8420,"date":"2020-02-21T13:16:39","date_gmt":"2020-02-21T16:16:39","guid":{"rendered":"https:\/\/hostnetart.com.br\/baixada\/inflacao-cursos-e-planos-de-saude-tem-alta-precos-de-alimentos-caem\/"},"modified":"2020-02-21T13:16:39","modified_gmt":"2020-02-21T16:16:39","slug":"inflacao-cursos-e-planos-de-saude-tem-alta-precos-de-alimentos-caem","status":"publish","type":"post","link":"https:\/\/hostnetart.com.br\/baixada\/inflacao-cursos-e-planos-de-saude-tem-alta-precos-de-alimentos-caem\/","title":{"rendered":"Infla\u00e7\u00e3o: cursos e planos de sa\u00fade t\u00eam alta, pre\u00e7os de alimentos caem"},"content":{"rendered":"<p>O \u00cdndice Nacional de Pre\u00e7os ao Consumidor Amplo 15 (IPCA-15), \u201cpr\u00e9via\u201d da <a href=\"https:\/\/www.redebrasilatual.com.br\/tag\/inflacao\/\" target=\"_blank\" rel=\"noopener noreferrer\">infla\u00e7\u00e3o<\/a> oficial, variou 0,22% neste m\u00eas, menor resultado para fevereiro desde o Plano Real \u2013 mas \u00e9 a primeira divulga\u00e7\u00e3o com nova base de dados que \u00e9 usada para o c\u00e1lculo. O pre\u00e7o da carne caiu, mas o dos cursos e dos planos de sa\u00fade aumentou. Agora, o \u00edndice soma 0,93% no ano e 4,21% em 12 meses. Os resultados foram divulgados nesta quinta-feira (20) pelo IBGE.<\/p>\n<p>De acordo com o instituto, tr\u00eas dos nove grupos que comp\u00f5em o \u00edndice tiveram defla\u00e7\u00e3o: Vestu\u00e1rio (-0,83%), Sa\u00fade e Cuidados Pessoais (-0,29%) e Alimenta\u00e7\u00e3o e Bebidas (-0,10%). Somados, representaram impacto de -0,1 ponto percentual no resultado do m\u00eas.<\/p>\n<p>Vestu\u00e1rio teve influ\u00eancia de roupas masculinas (-1,39%), femininas (-0,83%) e infantis (-0,71%), enquanto joias e bijuterias tiveram alta (0,64%, a oitava seguida). No segundo grupo, o IBGE destaca itens de higiene pessoal (-1,71%), como perfumes (-5,06%) e produtos para pele (-1,30%). Por outro lado, os planos de sa\u00fade subiram 0,60% e contribu\u00edram com 0,02 ponto para o resultado mensal.<\/p>\n<p class=\"has-medium-font-size\"><strong>Carne cai<\/strong><\/p>\n<p>Entre os alimentos, o pre\u00e7o das carnes caiu 5,04%, em m\u00e9dia, o que representou impacto de 0,13 ponto no IPCA-15 de fevereiro. O instituto registrou aumentos no tomate (28,96%) e na batata inglesa (5,23%). Comer fora ficou 0,38% mais caro, menos do que em janeiro (0,99%): a refei\u00e7\u00e3o subiu 0,66%, enquanto o lanche caiu 0,25%.<\/p>\n<p>O maior impacto de alta \u2013 0,23 ponto percentual \u2013 foi do grupo Educa\u00e7\u00e3o, com aumento de 3,61%, resultado que segundo o IBGE \u201creflete os reajustes frequentemente praticados no in\u00edcio do ano letivo, em especial dos<strong>\u00a0cursos regulares<\/strong>\u00a0(4,36%), item respons\u00e1vel pelo maior impacto individual positivo no IPCA-15 de fevereiro, com 0,20 p.p\u201d. Os chamados cursos diversos tamb\u00e9m subiram, 2,71%, e representaram 0,02 ponto.<\/p>\n<p class=\"has-medium-font-size\"><strong>Tarifas<\/strong><\/p>\n<p>Transportes subiu menos, 0,20%, ante 0,92% em janeiro. Os combust\u00edveis passaram de alta de 2,96% para 0,49% \u2013 a gasolina subiu 0,21%, o etanol, 2,69% e o \u00f3leo diesel, 0,04%. E as passagens a\u00e9reas ca\u00edram 6,68% (-0,05 ponto). J\u00e1 as tarifas de \u00f4nibus urbanos aumentaram 0,79%, com reajustes em Bras\u00edlia e S\u00e3o Paulo. O t\u00e1xi tamb\u00e9m aumentou (0,30%), assim como \u00f4nibus intermunicipais (2,04%), em algumas regi\u00f5es.<\/p>\n<p>O grupo Habita\u00e7\u00e3o variou 0,07%, depois de cair 0,14% no primeiro m\u00eas do ano. O item energia el\u00e9trica recuou 0,12%, com nova bandeira. O g\u00e1s encanado subiu 0,28%, com aumento no Rio de Janeiro. E a taxa de \u00e1gua e esgoto teve pequena varia\u00e7\u00e3o, de 0,02%, com reajuste em Bel\u00e9m.<\/p>\n<p>Entre as 11 \u00e1reas pesquisadas, os menores \u00edndices foram apurados nas regi\u00f5es metropolitanas de Curitiba e do Rio de Janeiro, ambas com defla\u00e7\u00e3o de 0,03%. O maior foi registrado na regi\u00e3o metropolitana de Fortaleza (0,48%), com impacto dos aumento dos cursos regulares e do tomate. Na Grande S\u00e3o Paulo, o IPCA-15 variou 0,28%. Em 12 meses, o \u00edndice vai de 3,03% (Rio) a 5,29% (Bel\u00e9m), chegando a 4,74% em S\u00e3o Paulo.<\/p>\n<p>O IPCA e o INPC de fevereiro ser\u00e3o divulgados em 11 de mar\u00e7o.<\/p>\n<p><span style=\"text-decoration: underline;\"><strong>Fonte: Rede Brasil Atual<\/strong><\/span><\/p>\n","protected":false},"excerpt":{"rendered":"<p>O \u00cdndice Nacional de Pre\u00e7os ao Consumidor Amplo 15 (IPCA-15), \u201cpr\u00e9via\u201d da infla\u00e7\u00e3o oficial, variou 0,22% neste m\u00eas, menor resultado para fevereiro desde o Plano Real \u2013 mas \u00e9 a primeira divulga\u00e7\u00e3o com nova base de dados que \u00e9 usada para o c\u00e1lculo. O pre\u00e7o da carne caiu, mas o dos cursos e dos planos [&hellip;]<\/p>\n","protected":false},"author":2,"featured_media":8419,"comment_status":"","ping_status":"","sticky":false,"template":"","format":"standard","meta":{"footnotes":""},"categories":[3],"tags":[],"class_list":["post-8420","post","type-post","status-publish","format-standard","has-post-thumbnail","hentry","category-noticias"],"_links":{"self":[{"href":"https:\/\/hostnetart.com.br\/baixada\/wp-json\/wp\/v2\/posts\/8420","targetHints":{"allow":["GET"]}}],"collection":[{"href":"https:\/\/hostnetart.com.br\/baixada\/wp-json\/wp\/v2\/posts"}],"about":[{"href":"https:\/\/hostnetart.com.br\/baixada\/wp-json\/wp\/v2\/types\/post"}],"author":[{"embeddable":true,"href":"https:\/\/hostnetart.com.br\/baixada\/wp-json\/wp\/v2\/users\/2"}],"replies":[{"embeddable":true,"href":"https:\/\/hostnetart.com.br\/baixada\/wp-json\/wp\/v2\/comments?post=8420"}],"version-history":[{"count":0,"href":"https:\/\/hostnetart.com.br\/baixada\/wp-json\/wp\/v2\/posts\/8420\/revisions"}],"wp:featuredmedia":[{"embeddable":true,"href":"https:\/\/hostnetart.com.br\/baixada\/wp-json\/wp\/v2\/media\/8419"}],"wp:attachment":[{"href":"https:\/\/hostnetart.com.br\/baixada\/wp-json\/wp\/v2\/media?parent=8420"}],"wp:term":[{"taxonomy":"category","embeddable":true,"href":"https:\/\/hostnetart.com.br\/baixada\/wp-json\/wp\/v2\/categories?post=8420"},{"taxonomy":"post_tag","embeddable":true,"href":"https:\/\/hostnetart.com.br\/baixada\/wp-json\/wp\/v2\/tags?post=8420"}],"curies":[{"name":"wp","href":"https:\/\/api.w.org\/{rel}","templated":true}]}}