{"id":8416,"date":"2020-02-20T19:23:15","date_gmt":"2020-02-20T22:23:15","guid":{"rendered":"https:\/\/hostnetart.com.br\/baixada\/itau-paga-plr-dia-3-de-marco\/"},"modified":"2020-02-20T19:23:15","modified_gmt":"2020-02-20T22:23:15","slug":"itau-paga-plr-dia-3-de-marco","status":"publish","type":"post","link":"https:\/\/hostnetart.com.br\/baixada\/itau-paga-plr-dia-3-de-marco\/","title":{"rendered":"Ita\u00fa paga PLR dia 3 de mar\u00e7o"},"content":{"rendered":"<p>Depois de divulgar<a href=\"https:\/\/contrafcut.com.br\/noticias\/itau-lucra-r-28363-bilhoes-em-2019\/\" target=\"_blank\" rel=\"noopener noreferrer\"> lucro recorde<\/a>, o Ita\u00fa anunciou que ir\u00e1 pagar a segunda parcela da Participa\u00e7\u00e3o nos Lucros e Resultados (PLR) 2019 apenas no dia 3 de mar\u00e7o, ou seja, no limite do prazo estabelecido na Conven\u00e7\u00e3o Coletiva de Trabalho (CCT) da categoria banc\u00e1ria. <a href=\"https:\/\/contrafcut.com.br\/noticias\/contraf-cut-solicita-aos-bancos-a-antecipacao-da-plr\/\" target=\"_blank\" rel=\"noopener noreferrer\">A Confedera\u00e7\u00e3o Nacional dos Trabalhadores do Ramo Financeiro (Contraf-CUT) havia solicitado a antecipa\u00e7\u00e3o do pagamento<\/a>.<\/p>\n<p>Em 2019, o Ita\u00fa alcan\u00e7ou lucro l\u00edquido recorrente de R$ 28,363 bilh\u00f5es. O resultado representa crescimento de 10,2% na compara\u00e7\u00e3o com 2018. A rentabilidade ficou em 23,7%, aumento de 1,8 ponto percentual. Em 12 meses, banco eliminou 5.110 postos de trabalho; apenas no \u00faltimo trimestre foram 1.845 empregos a menos. <\/p>\n<p>O Ita\u00fa tamb\u00e9m informou que pagar\u00e1 o valor m\u00e1ximo da PLR (primeira e segunda parcelas da PLR 2019), o que consiste no pagamento de 2,2 sal\u00e1rios com teto de R$ 29.000,77 mais a parcela adicional, que tem como teto o valor de R$ 4.914,59. Desse total, subtrai-se o que j\u00e1 foi pago em setembro passado, como antecipa\u00e7\u00e3o. Al\u00e9m disso, ser\u00e1 paga tamb\u00e9m no dia 3 de mar\u00e7o a Participa\u00e7\u00e3o Complementar dos Resultados (PCR), no valor de R$ 139,00, que n\u00e3o ter\u00e1 compensa\u00e7\u00e3o dos valores da PLR. O valor \u00e9 a diferen\u00e7a pelo fato da M\u00e9dio Anual Recorrente (ROE) atingir 23%<\/p>\n<p><strong>Fonte: Contraf-CUT<\/strong><\/p>\n","protected":false},"excerpt":{"rendered":"<p>Depois de divulgar lucro recorde, o Ita\u00fa anunciou que ir\u00e1 pagar a segunda parcela da Participa\u00e7\u00e3o nos Lucros e Resultados (PLR) 2019 apenas no dia 3 de mar\u00e7o, ou seja, no limite do prazo estabelecido na Conven\u00e7\u00e3o Coletiva de Trabalho (CCT) da categoria banc\u00e1ria. A Confedera\u00e7\u00e3o Nacional dos Trabalhadores do Ramo Financeiro (Contraf-CUT) havia solicitado [&hellip;]<\/p>\n","protected":false},"author":2,"featured_media":8415,"comment_status":"","ping_status":"","sticky":false,"template":"","format":"standard","meta":{"footnotes":""},"categories":[3],"tags":[],"class_list":["post-8416","post","type-post","status-publish","format-standard","has-post-thumbnail","hentry","category-noticias"],"_links":{"self":[{"href":"https:\/\/hostnetart.com.br\/baixada\/wp-json\/wp\/v2\/posts\/8416","targetHints":{"allow":["GET"]}}],"collection":[{"href":"https:\/\/hostnetart.com.br\/baixada\/wp-json\/wp\/v2\/posts"}],"about":[{"href":"https:\/\/hostnetart.com.br\/baixada\/wp-json\/wp\/v2\/types\/post"}],"author":[{"embeddable":true,"href":"https:\/\/hostnetart.com.br\/baixada\/wp-json\/wp\/v2\/users\/2"}],"replies":[{"embeddable":true,"href":"https:\/\/hostnetart.com.br\/baixada\/wp-json\/wp\/v2\/comments?post=8416"}],"version-history":[{"count":0,"href":"https:\/\/hostnetart.com.br\/baixada\/wp-json\/wp\/v2\/posts\/8416\/revisions"}],"wp:featuredmedia":[{"embeddable":true,"href":"https:\/\/hostnetart.com.br\/baixada\/wp-json\/wp\/v2\/media\/8415"}],"wp:attachment":[{"href":"https:\/\/hostnetart.com.br\/baixada\/wp-json\/wp\/v2\/media?parent=8416"}],"wp:term":[{"taxonomy":"category","embeddable":true,"href":"https:\/\/hostnetart.com.br\/baixada\/wp-json\/wp\/v2\/categories?post=8416"},{"taxonomy":"post_tag","embeddable":true,"href":"https:\/\/hostnetart.com.br\/baixada\/wp-json\/wp\/v2\/tags?post=8416"}],"curies":[{"name":"wp","href":"https:\/\/api.w.org\/{rel}","templated":true}]}}