{"id":8414,"date":"2020-02-20T13:29:48","date_gmt":"2020-02-20T16:29:48","guid":{"rendered":"https:\/\/hostnetart.com.br\/baixada\/contraf-cut-e-sindicatos-conquistam-canal-de-atendimento-as-mulheres-vitimas-de-violencia\/"},"modified":"2020-02-20T13:29:48","modified_gmt":"2020-02-20T16:29:48","slug":"contraf-cut-e-sindicatos-conquistam-canal-de-atendimento-as-mulheres-vitimas-de-violencia","status":"publish","type":"post","link":"https:\/\/hostnetart.com.br\/baixada\/contraf-cut-e-sindicatos-conquistam-canal-de-atendimento-as-mulheres-vitimas-de-violencia\/","title":{"rendered":"Contraf-CUT e sindicatos conquistam canal de atendimento \u00e0s mulheres v\u00edtimas de viol\u00eancia"},"content":{"rendered":"<div class=\"elementor-element elementor-element-194680ec elementor-widget elementor-widget-theme-post-content\" data-id=\"194680ec\" data-element_type=\"widget\" data-widget_type=\"theme-post-content.default\">\n<div class=\"elementor-widget-container\">\n<p>Ap\u00f3s ser cobrada pelo Comando Nacional dos Banc\u00e1rios, a Federa\u00e7\u00e3o Nacional dos Bancos (Fenaban) aceitou, em mesa de negocia\u00e7\u00e3o nesta quarta-feira 19, criar <a href=\"https:\/\/contrafcut.com.br\/noticias\/canal-de-atendimento-as-bancarias-vitimas-de-violencia-pode-ajudar-a-diminuir-casos-no-setor\/\" target=\"_blank\" rel=\"noopener noreferrer\">canais de atendimento \u00e0s mulheres v\u00edtimas de viol\u00eancia<\/a>, que tinham sido propostos em mar\u00e7o de 2019.<\/p>\n<p>\u201cA situa\u00e7\u00e3o da viol\u00eancia contra a mulher se tornou uma const\u00e2ncia e precisa ser tratada com a devida import\u00e2ncia. Na categoria banc\u00e1ria tamb\u00e9m existem mulheres que s\u00e3o v\u00edtimas de viol\u00eancia. Desde o ano passado cobr\u00e1vamos a cria\u00e7\u00e3o de um canal espec\u00edfico para atender as mulheres nesta situa\u00e7\u00e3o, que traz s\u00e9rios impactos, al\u00e9m da quest\u00e3o humana, em seu desempenho, com absente\u00edsmo, queda de produtividade, e que podem acabar gerando a demiss\u00e3o dessas mulheres. Ainda vamos definir os detalhes da proposta, mas j\u00e1 \u00e9 um grande avan\u00e7o os bancos terem aceitado criar o canal\u201d, avaliou a presidenta da Confedera\u00e7\u00e3o Nacional dos Trabalhadores do Ramo Financeiro (Contraf-CUT) e coordenadora do Comando Nacional dos Banc\u00e1rios, Juvandia Moreira.<\/p>\n<p>Juvandia lembrou ainda que a viol\u00eancia contra as mulheres \u00e9 uma realidade que pode ser vista diariamente nos telejornais. \u201cInfelizmente, a realidade n\u00e3o \u00e9 diferente na categoria. Banc\u00e1rias sofrem viol\u00eancia, t\u00eam dificuldade para cumprir as metas, de comparecer todos os dias ao trabalho e acabam perdendo seus empregos. Esse canal pode ajud\u00e1-las a sair dessa situa\u00e7\u00e3o\u201d, completou.<\/p>\n<p>Os bancos v\u00e3o construir um texto da proposta e enviar para o Comando Nacional dos Banc\u00e1rios at\u00e9 a semana que vem. O Comando analisar\u00e1 a proposta e, se houver concord\u00e2ncia, ser\u00e1 assinado um acordo neste sentido ainda no m\u00eas de mar\u00e7o, com data indicativa para o dia 11.<\/p>\n<p>\u201c\u00c9 um passo importante para podermos avan\u00e7ar na constru\u00e7\u00e3o deste instrumento que ser\u00e1 fundamental para ajudar as trabalhadoras banc\u00e1rias a romper o ciclo da viol\u00eancia\u201d, disse a secret\u00e1ria da Mulher da Contraf-CUT, Elaine Cutis.<\/p>\n<h3>Censo da Diversidade<\/h3>\n<p>Na mesa desta quarta, a Fenaban tamb\u00e9m apresentou para o Comando Nacional dos Banc\u00e1rios dados preliminares do <a href=\"https:\/\/contrafcut.com.br\/noticias\/3o-censo-da-diversidade-bancaria-avalia-realidade-da-categoria-nos-bancos\/\" target=\"_blank\" rel=\"noopener noreferrer\">3\u00ba Censo da Diversidade Banc\u00e1ria<\/a>.<\/p>\n<p>\u201c\u00c9 dif\u00edcil analisarmos com precis\u00e3o. Ainda n\u00e3o temos os resultados definitivos, mas os dados que foram apresentados mostram que ainda \u00e9 grande a desigualdade e faltam oportunidades para as mulheres nas maiores faixas salariais. Mostram ainda que a presen\u00e7a de mulheres negras na categoria \u00e9 muito pequena\u201d, observou a presidenta da Confedera\u00e7\u00e3o Nacional dos Trabalhadores do Ramo Financeiro e coordenadora do Comando Nacional dos Banc\u00e1rios, Juvandia Moreira.<\/p>\n<p>Dados da Rela\u00e7\u00e3o Anual de Informa\u00e7\u00f5es Sociais (Rais), do Minist\u00e9rio do Trabalho e Emprego, mostram que a diferen\u00e7a da remunera\u00e7\u00e3o nos bancos entre homens e mulheres em 1994 era de 21,1%. Em 2018, mantinha-se o mesmo patamar, tendo aumentado para 21,7%.<\/p>\n<p>Os dados definitivos do Censo da Diversidade Banc\u00e1ria devem ser apresentados at\u00e9 o final de mar\u00e7o, quando o Comando e a Fenaban voltar\u00e3o a tratar do assunto e poder\u00e3o analis\u00e1-los com maior precis\u00e3o para debater propostas de como avan\u00e7ar na promo\u00e7\u00e3o da equidade na categoria.<\/p>\n<p><strong>Fonte: Contraf-CUT<\/strong><\/p>\n<\/div>\n<\/div>\n","protected":false},"excerpt":{"rendered":"<p>Ap\u00f3s ser cobrada pelo Comando Nacional dos Banc\u00e1rios, a Federa\u00e7\u00e3o Nacional dos Bancos (Fenaban) aceitou, em mesa de negocia\u00e7\u00e3o nesta quarta-feira 19, criar canais de atendimento \u00e0s mulheres v\u00edtimas de viol\u00eancia, que tinham sido propostos em mar\u00e7o de 2019. \u201cA situa\u00e7\u00e3o da viol\u00eancia contra a mulher se tornou uma const\u00e2ncia e precisa ser tratada com [&hellip;]<\/p>\n","protected":false},"author":2,"featured_media":8413,"comment_status":"","ping_status":"","sticky":false,"template":"","format":"standard","meta":{"footnotes":""},"categories":[3],"tags":[],"class_list":["post-8414","post","type-post","status-publish","format-standard","has-post-thumbnail","hentry","category-noticias"],"_links":{"self":[{"href":"https:\/\/hostnetart.com.br\/baixada\/wp-json\/wp\/v2\/posts\/8414","targetHints":{"allow":["GET"]}}],"collection":[{"href":"https:\/\/hostnetart.com.br\/baixada\/wp-json\/wp\/v2\/posts"}],"about":[{"href":"https:\/\/hostnetart.com.br\/baixada\/wp-json\/wp\/v2\/types\/post"}],"author":[{"embeddable":true,"href":"https:\/\/hostnetart.com.br\/baixada\/wp-json\/wp\/v2\/users\/2"}],"replies":[{"embeddable":true,"href":"https:\/\/hostnetart.com.br\/baixada\/wp-json\/wp\/v2\/comments?post=8414"}],"version-history":[{"count":0,"href":"https:\/\/hostnetart.com.br\/baixada\/wp-json\/wp\/v2\/posts\/8414\/revisions"}],"wp:featuredmedia":[{"embeddable":true,"href":"https:\/\/hostnetart.com.br\/baixada\/wp-json\/wp\/v2\/media\/8413"}],"wp:attachment":[{"href":"https:\/\/hostnetart.com.br\/baixada\/wp-json\/wp\/v2\/media?parent=8414"}],"wp:term":[{"taxonomy":"category","embeddable":true,"href":"https:\/\/hostnetart.com.br\/baixada\/wp-json\/wp\/v2\/categories?post=8414"},{"taxonomy":"post_tag","embeddable":true,"href":"https:\/\/hostnetart.com.br\/baixada\/wp-json\/wp\/v2\/tags?post=8414"}],"curies":[{"name":"wp","href":"https:\/\/api.w.org\/{rel}","templated":true}]}}