{"id":8408,"date":"2020-02-19T17:43:12","date_gmt":"2020-02-19T20:43:12","guid":{"rendered":"https:\/\/hostnetart.com.br\/baixada\/comando-nacional-dos-bancarios-debate-calendario-de-2020\/"},"modified":"2020-02-19T17:43:12","modified_gmt":"2020-02-19T20:43:12","slug":"comando-nacional-dos-bancarios-debate-calendario-de-2020","status":"publish","type":"post","link":"https:\/\/hostnetart.com.br\/baixada\/comando-nacional-dos-bancarios-debate-calendario-de-2020\/","title":{"rendered":"Comando Nacional dos Banc\u00e1rios debate calend\u00e1rio de 2020"},"content":{"rendered":"<p>O Comando Nacional dos Banc\u00e1rios est\u00e1 reunido na manh\u00e3 desta quarta-feira (19), na sede da Confedera\u00e7\u00e3o Nacional dos Trabalhadores do Ramo Financeiro (Contraf-CUT), em S\u00e3o Paulo, para definir o calend\u00e1rio de atividades e debater os assuntos a serem tratados na reuni\u00e3o desta tarde com a Federa\u00e7\u00e3o Nacional dos Bancos (Fenaban).<\/p>\n<p>\u201cAl\u00e9m da Campanha Nacional, neste ano haver\u00e1 uma s\u00e9rie de elei\u00e7\u00f5es em diversos sindicatos e em entidades corporativas, como a Fenae, as Apcefs, a Cassi e a Previ. Por isso, \u00e9 importante tratarmos com bastante aten\u00e7\u00e3o de nosso calend\u00e1rio de atividades\u201d, observou a presidenta da Contraf-CUT, Juvandia Moreira, que \u00e9 uma das coordenadoras do Comando Nacional dos Banc\u00e1rios.<\/p>\n<p>Juvandia salientou ainda que \u00e0 tarde, na reuni\u00e3o com a Fenaban, ser\u00e3o apresentados alguns dos dados do 3\u00ba Censo da Diversidade Banc\u00e1ria. \u201cO Censo \u00e9 uma conquista da Campanha Nacional de 2018, que permite a realiza\u00e7\u00e3o de a\u00e7\u00f5es de combate \u00e0 desigualdade, ao preconceito e \u00e0 discrimina\u00e7\u00e3o nos bancos\u201d, ressaltou.<\/p>\n<p>Ela ainda informou que os dados ainda est\u00e3o sendo sintetizados e a apresenta\u00e7\u00e3o dos dados completos ser\u00e1 realizada em mar\u00e7o.<\/p>\n<h3><strong>Viol\u00eancia contra as mulheres<\/strong><\/h3>\n<p>Na reuni\u00e3o desta tarde o Comando Nacional espera que a Fenaban d\u00ea uma posi\u00e7\u00e3o com rela\u00e7\u00e3o \u00e0 proposta do Comando para que os bancos criem canais de atendimento \u00e0s mulheres v\u00edtimas de viol\u00eancia, seja ela dom\u00e9stica ou em outros ambientes, inclusive no trabalho, garantido o suporte psicol\u00f3gico e jur\u00eddico \u00e0s banc\u00e1rias v\u00edtimas de viol\u00eancia.<\/p>\n<h3><strong>Resultado dos bancos<\/strong><\/h3>\n<p>Durante a reuni\u00e3o da manh\u00e3, o Departamento Intersindical de Estat\u00edstica e Estudos Socioecon\u00f4micos (Dieese) apresentou os resultados dos quatro maiores bancos do pa\u00eds em 2019 e informou que a Caixa Econ\u00f4mica Federal divulgar\u00e1 seu balan\u00e7o na tarde desta quarta-feira (19).<\/p>\n<p>\u201cComo pudemos ver, o pa\u00eds vive uma crise absurda, com desemprego e baixo crescimento e os bancos continuam tendo lucros recordes. Mas, mesmo assim, continuam demitindo e reduzindo seus quadros de funcion\u00e1rios\u201d, criticou a presidenta da Contraf-CUT.<\/p>\n<h3><strong>50 anos da Fenae<\/strong><\/h3>\n<p>Durante a reuni\u00e3o, o secret\u00e1rio de Finan\u00e7as da Contraf-CUT e vice-presidente da Federa\u00e7\u00e3o Nacional das Associa\u00e7\u00f5es de Empregados da Caixa (Fenae), Sergio Takemoto, lan\u00e7ou o livro \u201cTijolo por tijolo\u201d, que traz a hist\u00f3ria de 50 anos da Fenae.<\/p>\n<p>\u201c\u00c9 importante deixar registrada essa hist\u00f3ria para que os empregados, a categoria e toda a sociedade saibam, por exemplo, que a organiza\u00e7\u00e3o dos empregados foi fundamental para a conquista de diversos direitos dos trabalhadores\u201d, afirmou Takemoto. \u201cOs bancos dizem que muitos destes direitos s\u00e3o benef\u00edcios que eles d\u00e3o aos banc\u00e1rios. Muita gente acredita nisso. Mas, nenhum deles \u00e9 benef\u00edcio. Todo eles foram conquistados por meio da organiza\u00e7\u00e3o e da luta das organiza\u00e7\u00f5es de representa\u00e7\u00e3o dos empregados\u201d, concluiu o dirigente sindical.<\/p>\n<p><strong>Fonte: Contraf-CUT<\/strong><\/p>\n","protected":false},"excerpt":{"rendered":"<p>O Comando Nacional dos Banc\u00e1rios est\u00e1 reunido na manh\u00e3 desta quarta-feira (19), na sede da Confedera\u00e7\u00e3o Nacional dos Trabalhadores do Ramo Financeiro (Contraf-CUT), em S\u00e3o Paulo, para definir o calend\u00e1rio de atividades e debater os assuntos a serem tratados na reuni\u00e3o desta tarde com a Federa\u00e7\u00e3o Nacional dos Bancos (Fenaban). \u201cAl\u00e9m da Campanha Nacional, neste [&hellip;]<\/p>\n","protected":false},"author":2,"featured_media":8407,"comment_status":"","ping_status":"","sticky":false,"template":"","format":"standard","meta":{"footnotes":""},"categories":[3],"tags":[],"class_list":["post-8408","post","type-post","status-publish","format-standard","has-post-thumbnail","hentry","category-noticias"],"_links":{"self":[{"href":"https:\/\/hostnetart.com.br\/baixada\/wp-json\/wp\/v2\/posts\/8408","targetHints":{"allow":["GET"]}}],"collection":[{"href":"https:\/\/hostnetart.com.br\/baixada\/wp-json\/wp\/v2\/posts"}],"about":[{"href":"https:\/\/hostnetart.com.br\/baixada\/wp-json\/wp\/v2\/types\/post"}],"author":[{"embeddable":true,"href":"https:\/\/hostnetart.com.br\/baixada\/wp-json\/wp\/v2\/users\/2"}],"replies":[{"embeddable":true,"href":"https:\/\/hostnetart.com.br\/baixada\/wp-json\/wp\/v2\/comments?post=8408"}],"version-history":[{"count":0,"href":"https:\/\/hostnetart.com.br\/baixada\/wp-json\/wp\/v2\/posts\/8408\/revisions"}],"wp:featuredmedia":[{"embeddable":true,"href":"https:\/\/hostnetart.com.br\/baixada\/wp-json\/wp\/v2\/media\/8407"}],"wp:attachment":[{"href":"https:\/\/hostnetart.com.br\/baixada\/wp-json\/wp\/v2\/media?parent=8408"}],"wp:term":[{"taxonomy":"category","embeddable":true,"href":"https:\/\/hostnetart.com.br\/baixada\/wp-json\/wp\/v2\/categories?post=8408"},{"taxonomy":"post_tag","embeddable":true,"href":"https:\/\/hostnetart.com.br\/baixada\/wp-json\/wp\/v2\/tags?post=8408"}],"curies":[{"name":"wp","href":"https:\/\/api.w.org\/{rel}","templated":true}]}}