{"id":8404,"date":"2020-02-19T14:42:29","date_gmt":"2020-02-19T17:42:29","guid":{"rendered":"https:\/\/hostnetart.com.br\/baixada\/contraf-cut-cobra-negociacao-sobre-reestruturacao-da-caixa\/"},"modified":"2020-02-19T14:42:29","modified_gmt":"2020-02-19T17:42:29","slug":"contraf-cut-cobra-negociacao-sobre-reestruturacao-da-caixa","status":"publish","type":"post","link":"https:\/\/hostnetart.com.br\/baixada\/contraf-cut-cobra-negociacao-sobre-reestruturacao-da-caixa\/","title":{"rendered":"Contraf-CUT cobra negocia\u00e7\u00e3o sobre reestrutura\u00e7\u00e3o da Caixa"},"content":{"rendered":"<div class=\"elementor-element elementor-element-194680ec elementor-widget elementor-widget-theme-post-content\" data-id=\"194680ec\" data-element_type=\"widget\" data-widget_type=\"theme-post-content.default\">\n<div class=\"elementor-widget-container\">\n<p>A Confedera\u00e7\u00e3o Nacional dos Trabalhadores do Ramo Financeiro (Contraf-CUT) enviou um of\u00edcio, na noite desta ter\u00e7a-feira (18), para cobrar a <a href=\"https:\/\/contrafcut.com.br\/noticias\/direcao-da-caixa-nega-negociacao-sobre-reestruturacao\/\" target=\"_blank\" rel=\"noopener noreferrer\">continuidade das reuni\u00f5es sobre o processo de reestrutura\u00e7\u00e3o da Caixa<\/a>.<\/p>\n<p>O documento cita a <a href=\"https:\/\/contrafcut.com.br\/noticias\/direcao-da-caixa-nega-negociacao-sobre-reestruturacao\/\" target=\"_blank\" rel=\"noopener noreferrer\">liminar concedida a pedido da Contraf-CUT<\/a> e pede <a href=\"https:\/\/contrafcut.com.br\/noticias\/direcao-da-caixa-nega-negociacao-sobre-reestruturacao\/\" target=\"_blank\" rel=\"noopener noreferrer\">transpar\u00eancia nos dados da reestrutura\u00e7\u00e3o<\/a>, como: gabaritos, n\u00fameros de empregados, fun\u00e7\u00f5es e unidades envolvidas no processo, separados por regi\u00e3o (com dados antes e previs\u00e3o depois), n\u00famero de previs\u00e3o de dispensa das fun\u00e7\u00f5es, transfer\u00eancias por regi\u00e3o, etc.<\/p>\n<p>Na \u00faltima sexta feira (14), em ju\u00edzo, a dire\u00e7\u00e3o do banco registrou seu compromisso de garantir a manuten\u00e7\u00e3o das fun\u00e7\u00f5es e os locais de 80% dos empregados da rede. \u201cAl\u00e9m de cobrar esse compromisso, queremos respeito aos trabalhadores de licen\u00e7a e de f\u00e9rias, al\u00e9m outras situa\u00e7\u00f5es. Queremos que a dire\u00e7\u00e3o do banco coloque para as federa\u00e7\u00f5es e sindicatos a situa\u00e7\u00e3o em cada regi\u00e3o para podermos acompanhar caso a caso\u201d, cobrou Dion\u00edsio Reis, coordenador da Comiss\u00e3o Empregados da Caixa Econ\u00f4mica Federal (CEE\/Caixa).<\/p>\n<p>A CEE\/ Caixa lembra ainda do pedido de agendamento de reuni\u00e3o dia 20 de fevereiro que n\u00e3o teve resposta. \u201c<a href=\"https:\/\/contrafcut.com.br\/noticias\/direcao-da-caixa-nega-negociacao-sobre-reestruturacao\/\" target=\"_blank\" rel=\"noopener noreferrer\">S\u00e3o in\u00fameras as reclama\u00e7\u00f5es dos empregados quanto ao processo<\/a>, por isso ele deve ser acompanhado de perto se for prosseguir. Precisamos garantir os direitos dos trabalhadores, entre eles, o de no caso do descomissionamento tendo as condi\u00e7\u00f5es de incorpora\u00e7\u00e3o da gratifica\u00e7\u00e3o de fun\u00e7\u00e3o que tenha seu direito garantido\u201d, afirmou Dion\u00edsio Reis. \u201cN\u00f3s j\u00e1 apresentamos todas essas quest\u00f5es no \u00faltimo encontro com a dire\u00e7\u00e3o do banco, <a href=\"https:\/\/contrafcut.com.br\/noticias\/direcao-da-caixa-nega-negociacao-sobre-reestruturacao\/\">em 12 de fevereiro<\/a>, mas at\u00e9 o momento n\u00e3o obtivemos resposta. A transpar\u00eancia das informa\u00e7\u00f5es \u00e9 imprescind\u00edvel para principiar um processo de negocia\u00e7\u00e3o\u201d, completou<\/p>\n<h3>CA debate reestrutura\u00e7\u00e3o<\/h3>\n<p>Na reuni\u00e3o do Conselho de Administra\u00e7\u00e3o (CA), na \u00faltima segunda-feira (17), o \u00fanico item da reestrutura\u00e7\u00e3o colocado em pauta foi a cria\u00e7\u00e3o das superintend\u00eancias nacionais, j\u00e1 que o processo na \u00edntegra s\u00f3 passa pelo Conselho Diretor. Para a representante dos empregados no CA, Rita Serrano, redefinir estrat\u00e9gias faz parte da rotina que qualquer empresa, mas ela opina: \u201cN\u00e3o tenho\u00a0 instrumentos para avaliar se essa reestrutura\u00e7\u00e3o \u00e9 a mais adequada para a rede, mas entendo que por ser a \u00e1rea mais importante,\u00a0 cora\u00e7\u00e3o\u00a0 e vitrine da Caixa, que agrega quase 60% dos empregados, deveria ser feita com cautela\u00a0 e discuss\u00e3o, para n\u00e3o correr riscos de\u00a0 perda de processos, perda de intelig\u00eancia, piora na qualidade de atendimento a clientes e usu\u00e1rios\u201d, afirmou.<\/p>\n<p>Ela avalia tamb\u00e9m que a restrutura\u00e7\u00e3o proposta desconsidera que o maior banco p\u00fablico do Brasil deveria ter pol\u00edtica de inclus\u00e3o banc\u00e1ria, pois hoje em torno de 45 milh\u00f5es de brasileiros n\u00e3o tem acesso a servi\u00e7os banc\u00e1rios. Rita Serrano ressaltou que a expectativa \u00e9 que a dire\u00e7\u00e3o da Caixa reavalie esse processo a\u00e7odado e respeite as entidades de representa\u00e7\u00e3o e sobretudo os empregados, que ficaram inseguros e assustados com as possibilidades de mudan\u00e7as, perdas de fun\u00e7\u00e3o, de local de trabalho, e da amplia\u00e7\u00e3o da press\u00e3o por resultados.<\/p>\n<p>A reestrutura\u00e7\u00e3o, no entendimento dela, tamb\u00e9m \u00e9 um passo para o esvaziamento da empresa e sua privatiza\u00e7\u00e3o, mesmo que fontes do governo afirmem que a Caixa n\u00e3o ser\u00e1 privatizada neste momento. \u201cNa verdade a Caixa j\u00e1 est\u00e1 sendo privatizada, pois se desfez de R$ 15 bilh\u00f5es em ativos, vendeu a\u00e7\u00f5es da Petrobras, do BB, do Instituto de Resseguros do Brasil, o IRB, fez o leil\u00e3o da Lotex e prepara para esse ano a privatiza\u00e7\u00e3o de opera\u00e7\u00f5es fundamentais nas \u00e1reas de seguros, cart\u00f5es e loterias. Ent\u00e3o \u00e9 evidente que Caixa est\u00e1 sendo privatizada e o governo s\u00f3 n\u00e3o admite isso por um motivo: a opini\u00e3o p\u00fablica. As pesquisas indicam que a sociedade brasileira n\u00e3o quer a privatiza\u00e7\u00e3o, especialmente quando se trata da Petrobras, Banco do Brasil e Caixa, um banco p\u00fablico, t\u00e3o importante e gestor de in\u00fameros programas sociais\u201d, avalia.<\/p>\n<h3>Reconhecimento dos empregados<\/h3>\n<p>A Contraf-CUT aproveitou o of\u00edcio para cobrar a antecipa\u00e7\u00e3o do pagamento da PLR. A PLR na Caixa \u00e9 uma conquista recente que vem de 2003, antes disso o banco n\u00e3o garantia a regra b\u00e1sica da CCT. Al\u00e9m da regra b\u00e1sica e da parcela adicional previstas na CCT da categoria (m\u00f3dulo Fenaban), a PLR \u00e9 composta na Caixa pela PLR Social, conquista dos empregados na campanha de 2010 e garante 4% do lucro l\u00edquido distribu\u00eddo linearmente.<\/p>\n<h3>RH 151 para todos os empregados<\/h3>\n<p>\u00c9 importante lembrar que a Justi\u00e7a determinou que o direito \u00e0 incorpora\u00e7\u00e3o da gratifica\u00e7\u00e3o de fun\u00e7\u00e3o prevista no RH 151 deve ser mantido a todos os empregados. A Caixa expediu documento \u201cFAQ\u201d, em que argumenta de que a concess\u00e3o do adicional de incorpora\u00e7\u00e3o n\u00e3o est\u00e1 mais prevista nas normas internas da Caixa. Por\u00e9m, as entidades sindicais esclarecem que, recentemente, a Ju\u00edza da 13\u00aa Vara do Trabalho de Bras\u00edlia julgou procedente o pedido da Contraf-CUT e federa\u00e7\u00f5es, em a\u00e7\u00e3o coletiva, para \u201cdeclarar que o direito \u00e0 incorpora\u00e7\u00e3o da gratifica\u00e7\u00e3o de fun\u00e7\u00e3o prevista no RH 151 aderiu aos contratos de trabalho de todos os empregados substitu\u00eddos que se encontravam admitidos at\u00e9 a data de 09\/11\/2017, desde que preenchidos os requisitos da norma\u201d.<\/p>\n<h3><strong>Para relembrar<\/strong><\/h3>\n<p>No final de 2017, a Caixa revogou o normativo RH 151, o que ocasionou a limita\u00e7\u00e3o da incorpora\u00e7\u00e3o de gratifica\u00e7\u00e3o de fun\u00e7\u00e3o apenas aos empregados \u201cdescomissionados\u201d at\u00e9 o dia 09\/11\/2017, desde que a dispensa ocorresse imotivadamente e o empregado contasse com 10 anos ou mais de fun\u00e7\u00e3o.<\/p>\n<p>As entidades sindicais ingressaram com a a\u00e7\u00e3o coletiva denunciando a revoga\u00e7\u00e3o do RH 151, bem como reivindicou a manuten\u00e7\u00e3o do respectivo normativo interno em sede de liminar. A liminar foi deferida pelo Tribunal Regional do Trabalho da 10\u00aa Regi\u00e3o, em sede do mandado de seguran\u00e7a, em 2018.<\/p>\n<p>Na senten\u00e7a, a Ju\u00edza declarou que \u201co direito \u00e0 incorpora\u00e7\u00e3o da gratifica\u00e7\u00e3o de fun\u00e7\u00e3o prevista no RH 151 aderiu aos contratos de trabalho de todos os empregados substitu\u00eddos que se encontravam admitidos at\u00e9 a data de 09\/11\/2017, inclusive, desde que preenchidos os requisitos da norma\u201d. Essa decis\u00e3o beneficiar\u00e1 todos os empregados lotadas nas respectivas bases territoriais da Contraf-CUT e das federa\u00e7\u00f5es autoras.<\/p>\n<p><strong>Fonte: Contraf-CUT<\/strong><\/p>\n<\/div>\n<\/div>\n","protected":false},"excerpt":{"rendered":"<p>A Confedera\u00e7\u00e3o Nacional dos Trabalhadores do Ramo Financeiro (Contraf-CUT) enviou um of\u00edcio, na noite desta ter\u00e7a-feira (18), para cobrar a continuidade das reuni\u00f5es sobre o processo de reestrutura\u00e7\u00e3o da Caixa. O documento cita a liminar concedida a pedido da Contraf-CUT e pede transpar\u00eancia nos dados da reestrutura\u00e7\u00e3o, como: gabaritos, n\u00fameros de empregados, fun\u00e7\u00f5es e unidades [&hellip;]<\/p>\n","protected":false},"author":2,"featured_media":8403,"comment_status":"","ping_status":"","sticky":false,"template":"","format":"standard","meta":{"footnotes":""},"categories":[3],"tags":[],"class_list":["post-8404","post","type-post","status-publish","format-standard","has-post-thumbnail","hentry","category-noticias"],"_links":{"self":[{"href":"https:\/\/hostnetart.com.br\/baixada\/wp-json\/wp\/v2\/posts\/8404","targetHints":{"allow":["GET"]}}],"collection":[{"href":"https:\/\/hostnetart.com.br\/baixada\/wp-json\/wp\/v2\/posts"}],"about":[{"href":"https:\/\/hostnetart.com.br\/baixada\/wp-json\/wp\/v2\/types\/post"}],"author":[{"embeddable":true,"href":"https:\/\/hostnetart.com.br\/baixada\/wp-json\/wp\/v2\/users\/2"}],"replies":[{"embeddable":true,"href":"https:\/\/hostnetart.com.br\/baixada\/wp-json\/wp\/v2\/comments?post=8404"}],"version-history":[{"count":0,"href":"https:\/\/hostnetart.com.br\/baixada\/wp-json\/wp\/v2\/posts\/8404\/revisions"}],"wp:featuredmedia":[{"embeddable":true,"href":"https:\/\/hostnetart.com.br\/baixada\/wp-json\/wp\/v2\/media\/8403"}],"wp:attachment":[{"href":"https:\/\/hostnetart.com.br\/baixada\/wp-json\/wp\/v2\/media?parent=8404"}],"wp:term":[{"taxonomy":"category","embeddable":true,"href":"https:\/\/hostnetart.com.br\/baixada\/wp-json\/wp\/v2\/categories?post=8404"},{"taxonomy":"post_tag","embeddable":true,"href":"https:\/\/hostnetart.com.br\/baixada\/wp-json\/wp\/v2\/tags?post=8404"}],"curies":[{"name":"wp","href":"https:\/\/api.w.org\/{rel}","templated":true}]}}