{"id":8400,"date":"2020-02-18T16:32:06","date_gmt":"2020-02-18T19:32:06","guid":{"rendered":"https:\/\/hostnetart.com.br\/baixada\/procuradoria-quer-explicacoes-do-bndes-por-politizar-liberacao-de-recurso\/"},"modified":"2020-02-18T16:32:06","modified_gmt":"2020-02-18T19:32:06","slug":"procuradoria-quer-explicacoes-do-bndes-por-politizar-liberacao-de-recurso","status":"publish","type":"post","link":"https:\/\/hostnetart.com.br\/baixada\/procuradoria-quer-explicacoes-do-bndes-por-politizar-liberacao-de-recurso\/","title":{"rendered":"Procuradoria quer explica\u00e7\u00f5es do BNDES por politizar libera\u00e7\u00e3o de recurso"},"content":{"rendered":"<p>A Procuradoria Federal dos Direitos do Cidad\u00e3o (PFDC) solicitou explica\u00e7\u00f5es do BNDES por impor exig\u00eancias que extrapolam quest\u00f5es contratuais para libera\u00e7\u00e3o de recursos, inclusive sobre v\u00ednculos pol\u00edtico-partid\u00e1rios. De acordo com representa\u00e7\u00e3o da Abong, associa\u00e7\u00e3o criada em 1991 que re\u00fane organiza\u00e7\u00f5es n\u00e3o-governamentais, o banco estaria exigindo uma declara\u00e7\u00e3o \u201csob a suposta pena de n\u00e3o libera\u00e7\u00e3o de parcelas futuras de recursos j\u00e1 pactuados\u201d. A presid\u00eancia do banco p\u00fablico tem cinco dias para responder \u00e0 PFDC.<\/p>\n<p>De acordo com representa\u00e7\u00e3o encaminhada pela\u00a0<a href=\"https:\/\/abong.org.br\/\" target=\"_blank\" rel=\"noopener noreferrer\">Abong<\/a>, \u201cno modelo de declara\u00e7\u00e3o constariam exig\u00eancias que excedem \u00e0quelas acordadas no \u00e2mbito da lavratura dos contratos\u201d, diz a Procuradoria, vinculada ao Minist\u00e9rio P\u00fablico Federal (MPF).<\/p>\n<p>\u201cEntre elas, algumas que surpreendem pelo seu conte\u00fado, ao estipularem aos dirigentes da institui\u00e7\u00e3o executora do projeto restri\u00e7\u00f5es como: n\u00e3o exercerem cumulativamente cargo em organiza\u00e7\u00e3o sindical; n\u00e3o serem dirigentes estatut\u00e1rios de partidos pol\u00edticos; nos \u00faltimos 36 meses, n\u00e3o terem participado na estrutura decis\u00f3ria de partido pol\u00edtico ou em trabalho vinculado a organiza\u00e7\u00e3o, estrutura\u00e7\u00e3o e realiza\u00e7\u00e3o de campanha eleitoral.\u201d<\/p>\n<p><a href=\"https:\/\/www.redebrasilatual.com.br\/economia\/2020\/02\/trabalhadores-sentirao-enfraquecimento-do-bndes\/\" target=\"_blank\" rel=\"noopener noreferrer\">Luciano Coutinho: trabalhadores sentir\u00e3o na carne desmonte do BNDES<\/a><\/p>\n<p>Na \u00faltima sexta-feira (14), a procuradora federal Deborah Duprat encaminhou of\u00edcio ao presidente do BNDES, Gustavo Montezano, em que lembra que um dos princ\u00edpios norteadores da administra\u00e7\u00e3o p\u00fablica, direta e indireta, \u00e9 a legalidade.<\/p>\n<p>Deborah observa que a Lei 13.019, de 2014, estabelece o regime jur\u00eddico entre a administra\u00e7\u00e3o p\u00fablica e organiza\u00e7\u00f5es da sociedade civil \u2013 \u201ce que esse diploma legal, ao estipular as veda\u00e7\u00f5es para essa forma de coopera\u00e7\u00e3o, n\u00e3o inclui as exig\u00eancias constantes da declara\u00e7\u00e3o proposta pelo BNDES\u201d, acrescenta.<\/p>\n<p>\u201cNo documento, a Procuradoria Federal dos Direitos do Cidad\u00e3o relembra que as condi\u00e7\u00f5es para a libera\u00e7\u00e3o de cada parcela dos recursos foram determinadas no momento da constitui\u00e7\u00e3o dos contratos, e que os princ\u00edpios da moralidade e da boa-f\u00e9 objetiva administrativa, bem como da seguran\u00e7a jur\u00eddica, asseguram \u00e0s contratantes n\u00e3o serem surpreendidas por novas exig\u00eancias\u201d, diz ainda o \u00f3rg\u00e3o do MPF, que aponta \u201ctotal incompatibilidade das solicita\u00e7\u00f5es com o texto constitucional\u201d.<\/p>\n<p>O \u00f3rg\u00e3o do MPF aponta, ainda, a total incompatibilidade das solicita\u00e7\u00f5es com o texto constitucional, que assegura liberdade plena de associa\u00e7\u00e3o como direito fundamental \u2013 e que tem a cidadania e o pluralismo pol\u00edtico como fundamentos do Estado democr\u00e1tico de direito.<\/p>\n<p>\u201cO que implica necessariamente a possibilidade de filia\u00e7\u00e3o a partido pol\u00edtico e de participa\u00e7\u00e3o em sua estrutura decis\u00f3ria de forma livre e aut\u00f4noma\u201d, destaca a Procuradoria.<\/p>\n<p>Caso confirme os fatos contidos na representa\u00e7\u00e3o, as explica\u00e7\u00f5es do BNDES dever\u00e3o esclarecer \u201cas raz\u00f5es que sustentam juridicamente a declara\u00e7\u00e3o como condi\u00e7\u00e3o de libera\u00e7\u00e3o de parcelas acordadas em contratos em curso\u201d.<\/p>\n<p>Confira\u00a0<a href=\"http:\/\/www.mpf.mp.br\/pfdc\/manifestacoes-pfdc\/oficio-33-2020-pfdc-mpf\" target=\"_blank\" rel=\"noopener noreferrer\">aqui\u00a0<\/a>a \u00edntegra do of\u00edcio.<\/p>\n<p><strong>Fonte: Rede Brasil Atual<\/strong><\/p>\n","protected":false},"excerpt":{"rendered":"<p>A Procuradoria Federal dos Direitos do Cidad\u00e3o (PFDC) solicitou explica\u00e7\u00f5es do BNDES por impor exig\u00eancias que extrapolam quest\u00f5es contratuais para libera\u00e7\u00e3o de recursos, inclusive sobre v\u00ednculos pol\u00edtico-partid\u00e1rios. De acordo com representa\u00e7\u00e3o da Abong, associa\u00e7\u00e3o criada em 1991 que re\u00fane organiza\u00e7\u00f5es n\u00e3o-governamentais, o banco estaria exigindo uma declara\u00e7\u00e3o \u201csob a suposta pena de n\u00e3o libera\u00e7\u00e3o de [&hellip;]<\/p>\n","protected":false},"author":2,"featured_media":8399,"comment_status":"","ping_status":"","sticky":false,"template":"","format":"standard","meta":{"footnotes":""},"categories":[3],"tags":[],"class_list":["post-8400","post","type-post","status-publish","format-standard","has-post-thumbnail","hentry","category-noticias"],"_links":{"self":[{"href":"https:\/\/hostnetart.com.br\/baixada\/wp-json\/wp\/v2\/posts\/8400","targetHints":{"allow":["GET"]}}],"collection":[{"href":"https:\/\/hostnetart.com.br\/baixada\/wp-json\/wp\/v2\/posts"}],"about":[{"href":"https:\/\/hostnetart.com.br\/baixada\/wp-json\/wp\/v2\/types\/post"}],"author":[{"embeddable":true,"href":"https:\/\/hostnetart.com.br\/baixada\/wp-json\/wp\/v2\/users\/2"}],"replies":[{"embeddable":true,"href":"https:\/\/hostnetart.com.br\/baixada\/wp-json\/wp\/v2\/comments?post=8400"}],"version-history":[{"count":0,"href":"https:\/\/hostnetart.com.br\/baixada\/wp-json\/wp\/v2\/posts\/8400\/revisions"}],"wp:featuredmedia":[{"embeddable":true,"href":"https:\/\/hostnetart.com.br\/baixada\/wp-json\/wp\/v2\/media\/8399"}],"wp:attachment":[{"href":"https:\/\/hostnetart.com.br\/baixada\/wp-json\/wp\/v2\/media?parent=8400"}],"wp:term":[{"taxonomy":"category","embeddable":true,"href":"https:\/\/hostnetart.com.br\/baixada\/wp-json\/wp\/v2\/categories?post=8400"},{"taxonomy":"post_tag","embeddable":true,"href":"https:\/\/hostnetart.com.br\/baixada\/wp-json\/wp\/v2\/tags?post=8400"}],"curies":[{"name":"wp","href":"https:\/\/api.w.org\/{rel}","templated":true}]}}